{"id":3538,"date":"2021-03-06T17:24:38","date_gmt":"2021-03-06T16:24:38","guid":{"rendered":"https:\/\/wbv-avgm.ch\/?p=3538"},"modified":"2021-03-07T12:17:58","modified_gmt":"2021-03-07T11:17:58","slug":"cabanna-regina-margherita","status":"publish","type":"post","link":"https:\/\/wbv-avgm.ch\/fr\/cabanna-regina-margherita\/","title":{"rendered":"Cabanna Regina Margherita"},"content":{"rendered":"","protected":false},"excerpt":{"rendered":"<p>14 juillet 1889 D\u00e9cision de construire un abri pour les alpinistes et une station de recherche \u00e0 plus de 4500 m d&rsquo;altitude. 1903 premi\u00e8re extension<\/p>\n","protected":false},"author":1771,"featured_media":2274,"comment_status":"closed","ping_status":"closed","sticky":false,"template":"","format":"standard","meta":{"footnotes":"","_links_to":"","_links_to_target":""},"categories":[24,21],"tags":[],"class_list":["post-3538","post","type-post","status-publish","format-standard","has-post-thumbnail","hentry","category-cabane","category-gens-et-sommets"],"yoast_head":"<!-- This site is optimized with the Yoast SEO plugin v27.5 - https:\/\/yoast.com\/product\/yoast-seo-wordpress\/ -->\n<title>Cabanna Regina Margherita - Walliser Bergf\u00fchrerverband<\/title>\n<meta name=\"robots\" content=\"index, follow, max-snippet:-1, max-image-preview:large, max-video-preview:-1\" \/>\n<link rel=\"canonical\" href=\"https:\/\/wbv-avgm.ch\/fr\/cabanna-regina-margherita\/\" \/>\n<meta property=\"og:locale\" content=\"fr_FR\" \/>\n<meta property=\"og:type\" content=\"article\" \/>\n<meta property=\"og:title\" content=\"Cabanna Regina Margherita - Walliser Bergf\u00fchrerverband\" \/>\n<meta property=\"og:description\" content=\"14 juillet 1889 D\u00e9cision de construire un abri pour les alpinistes et une station de recherche \u00e0 plus de 4500 m d&#039;altitude. 1903 premi\u00e8re extension\" \/>\n<meta property=\"og:url\" content=\"https:\/\/wbv-avgm.ch\/fr\/cabanna-regina-margherita\/\" \/>\n<meta property=\"og:site_name\" content=\"Walliser Bergf\u00fchrerverband\" \/>\n<meta property=\"article:published_time\" content=\"2021-03-06T16:24:38+00:00\" \/>\n<meta property=\"article:modified_time\" content=\"2021-03-07T11:17:58+00:00\" \/>\n<meta property=\"og:image\" content=\"https:\/\/wbv-avgm.ch\/wp-content\/uploads\/Capanna_Regina_Margherita_1903.jpg\" \/>\n\t<meta property=\"og:image:width\" content=\"878\" \/>\n\t<meta property=\"og:image:height\" content=\"368\" \/>\n\t<meta property=\"og:image:type\" content=\"image\/jpeg\" \/>\n<meta name=\"author\" content=\"Lionel Corboz\" \/>\n<meta name=\"twitter:card\" content=\"summary_large_image\" \/>\n<meta name=\"twitter:label1\" content=\"\u00c9crit par\" \/>\n\t<meta name=\"twitter:data1\" content=\"Lionel Corboz\" \/>\n<script type=\"application\/ld+json\" class=\"yoast-schema-graph\">{\"@context\":\"https:\\\/\\\/schema.org\",\"@graph\":[{\"@type\":\"Article\",\"@id\":\"https:\\\/\\\/wbv-avgm.ch\\\/fr\\\/cabanna-regina-margherita\\\/#article\",\"isPartOf\":{\"@id\":\"https:\\\/\\\/wbv-avgm.ch\\\/fr\\\/cabanna-regina-margherita\\\/\"},\"author\":{\"name\":\"Lionel Corboz\",\"@id\":\"https:\\\/\\\/wbv-avgm.ch\\\/fr\\\/#\\\/schema\\\/person\\\/fcb5a40d9e792b25a9c042538983ba43\"},\"headline\":\"Cabanna Regina Margherita\",\"datePublished\":\"2021-03-06T16:24:38+00:00\",\"dateModified\":\"2021-03-07T11:17:58+00:00\",\"mainEntityOfPage\":{\"@id\":\"https:\\\/\\\/wbv-avgm.ch\\\/fr\\\/cabanna-regina-margherita\\\/\"},\"wordCount\":3,\"publisher\":{\"@id\":\"https:\\\/\\\/wbv-avgm.ch\\\/fr\\\/#organization\"},\"image\":{\"@id\":\"https:\\\/\\\/wbv-avgm.ch\\\/fr\\\/cabanna-regina-margherita\\\/#primaryimage\"},\"thumbnailUrl\":\"https:\\\/\\\/wbv-avgm.ch\\\/wp-content\\\/uploads\\\/Capanna_Regina_Margherita_1903.jpg\",\"articleSection\":[\"Cabanes\",\"Gens et sommets\"],\"inLanguage\":\"fr-FR\"},{\"@type\":\"WebPage\",\"@id\":\"https:\\\/\\\/wbv-avgm.ch\\\/fr\\\/cabanna-regina-margherita\\\/\",\"url\":\"https:\\\/\\\/wbv-avgm.ch\\\/fr\\\/cabanna-regina-margherita\\\/\",\"name\":\"Cabanna Regina Margherita - Walliser Bergf\u00fchrerverband\",\"isPartOf\":{\"@id\":\"https:\\\/\\\/wbv-avgm.ch\\\/fr\\\/#website\"},\"primaryImageOfPage\":{\"@id\":\"https:\\\/\\\/wbv-avgm.ch\\\/fr\\\/cabanna-regina-margherita\\\/#primaryimage\"},\"image\":{\"@id\":\"https:\\\/\\\/wbv-avgm.ch\\\/fr\\\/cabanna-regina-margherita\\\/#primaryimage\"},\"thumbnailUrl\":\"https:\\\/\\\/wbv-avgm.ch\\\/wp-content\\\/uploads\\\/Capanna_Regina_Margherita_1903.jpg\",\"datePublished\":\"2021-03-06T16:24:38+00:00\",\"dateModified\":\"2021-03-07T11:17:58+00:00\",\"breadcrumb\":{\"@id\":\"https:\\\/\\\/wbv-avgm.ch\\\/fr\\\/cabanna-regina-margherita\\\/#breadcrumb\"},\"inLanguage\":\"fr-FR\",\"potentialAction\":[{\"@type\":\"ReadAction\",\"target\":[\"https:\\\/\\\/wbv-avgm.ch\\\/fr\\\/cabanna-regina-margherita\\\/\"]}]},{\"@type\":\"ImageObject\",\"inLanguage\":\"fr-FR\",\"@id\":\"https:\\\/\\\/wbv-avgm.ch\\\/fr\\\/cabanna-regina-margherita\\\/#primaryimage\",\"url\":\"https:\\\/\\\/wbv-avgm.ch\\\/wp-content\\\/uploads\\\/Capanna_Regina_Margherita_1903.jpg\",\"contentUrl\":\"https:\\\/\\\/wbv-avgm.ch\\\/wp-content\\\/uploads\\\/Capanna_Regina_Margherita_1903.jpg\",\"width\":878,\"height\":368,\"caption\":\"Am 14. Juli 1889 beschloss eine Delegiertenversammlung des CAI den Bau einer Bergsteigerunterkunft und Forschungsstation auf \u00fcber 4500 m H\u00f6he.\"},{\"@type\":\"BreadcrumbList\",\"@id\":\"https:\\\/\\\/wbv-avgm.ch\\\/fr\\\/cabanna-regina-margherita\\\/#breadcrumb\",\"itemListElement\":[{\"@type\":\"ListItem\",\"position\":1,\"name\":\"Startseite\",\"item\":\"https:\\\/\\\/wbv-avgm.ch\\\/fr\\\/\"},{\"@type\":\"ListItem\",\"position\":2,\"name\":\"Cabanna Regina Margherita\"}]},{\"@type\":\"WebSite\",\"@id\":\"https:\\\/\\\/wbv-avgm.ch\\\/fr\\\/#website\",\"url\":\"https:\\\/\\\/wbv-avgm.ch\\\/fr\\\/\",\"name\":\"Walliser Bergf\u00fchrerverband\",\"description\":\"Bergf\u00fchrer Wallis Schweiz\",\"publisher\":{\"@id\":\"https:\\\/\\\/wbv-avgm.ch\\\/fr\\\/#organization\"},\"potentialAction\":[{\"@type\":\"SearchAction\",\"target\":{\"@type\":\"EntryPoint\",\"urlTemplate\":\"https:\\\/\\\/wbv-avgm.ch\\\/fr\\\/?s={search_term_string}\"},\"query-input\":{\"@type\":\"PropertyValueSpecification\",\"valueRequired\":true,\"valueName\":\"search_term_string\"}}],\"inLanguage\":\"fr-FR\"},{\"@type\":\"Organization\",\"@id\":\"https:\\\/\\\/wbv-avgm.ch\\\/fr\\\/#organization\",\"name\":\"Walliser Bergf\u00fchrerverband\",\"url\":\"https:\\\/\\\/wbv-avgm.ch\\\/fr\\\/\",\"logo\":{\"@type\":\"ImageObject\",\"inLanguage\":\"fr-FR\",\"@id\":\"https:\\\/\\\/wbv-avgm.ch\\\/fr\\\/#\\\/schema\\\/logo\\\/image\\\/\",\"url\":\"https:\\\/\\\/wbv-avgm.ch\\\/wp-content\\\/uploads\\\/logo-wbv-avgm-rot-mit-initialen.svg\",\"contentUrl\":\"https:\\\/\\\/wbv-avgm.ch\\\/wp-content\\\/uploads\\\/logo-wbv-avgm-rot-mit-initialen.svg\",\"width\":290,\"height\":289,\"caption\":\"Walliser Bergf\u00fchrerverband\"},\"image\":{\"@id\":\"https:\\\/\\\/wbv-avgm.ch\\\/fr\\\/#\\\/schema\\\/logo\\\/image\\\/\"}},{\"@type\":\"Person\",\"@id\":\"https:\\\/\\\/wbv-avgm.ch\\\/fr\\\/#\\\/schema\\\/person\\\/fcb5a40d9e792b25a9c042538983ba43\",\"name\":\"Lionel Corboz\"}]}<\/script>\n<!-- \/ Yoast SEO plugin. -->","yoast_head_json":{"title":"Cabanna Regina Margherita - Walliser Bergf\u00fchrerverband","robots":{"index":"index","follow":"follow","max-snippet":"max-snippet:-1","max-image-preview":"max-image-preview:large","max-video-preview":"max-video-preview:-1"},"canonical":"https:\/\/wbv-avgm.ch\/fr\/cabanna-regina-margherita\/","og_locale":"fr_FR","og_type":"article","og_title":"Cabanna Regina Margherita - Walliser Bergf\u00fchrerverband","og_description":"14 juillet 1889 D\u00e9cision de construire un abri pour les alpinistes et une station de recherche \u00e0 plus de 4500 m d'altitude. 1903 premi\u00e8re extension","og_url":"https:\/\/wbv-avgm.ch\/fr\/cabanna-regina-margherita\/","og_site_name":"Walliser Bergf\u00fchrerverband","article_published_time":"2021-03-06T16:24:38+00:00","article_modified_time":"2021-03-07T11:17:58+00:00","og_image":[{"width":878,"height":368,"url":"https:\/\/wbv-avgm.ch\/wp-content\/uploads\/Capanna_Regina_Margherita_1903.jpg","type":"image\/jpeg"}],"author":"Lionel Corboz","twitter_card":"summary_large_image","twitter_misc":{"\u00c9crit par":"Lionel Corboz"},"schema":{"@context":"https:\/\/schema.org","@graph":[{"@type":"Article","@id":"https:\/\/wbv-avgm.ch\/fr\/cabanna-regina-margherita\/#article","isPartOf":{"@id":"https:\/\/wbv-avgm.ch\/fr\/cabanna-regina-margherita\/"},"author":{"name":"Lionel Corboz","@id":"https:\/\/wbv-avgm.ch\/fr\/#\/schema\/person\/fcb5a40d9e792b25a9c042538983ba43"},"headline":"Cabanna Regina Margherita","datePublished":"2021-03-06T16:24:38+00:00","dateModified":"2021-03-07T11:17:58+00:00","mainEntityOfPage":{"@id":"https:\/\/wbv-avgm.ch\/fr\/cabanna-regina-margherita\/"},"wordCount":3,"publisher":{"@id":"https:\/\/wbv-avgm.ch\/fr\/#organization"},"image":{"@id":"https:\/\/wbv-avgm.ch\/fr\/cabanna-regina-margherita\/#primaryimage"},"thumbnailUrl":"https:\/\/wbv-avgm.ch\/wp-content\/uploads\/Capanna_Regina_Margherita_1903.jpg","articleSection":["Cabanes","Gens et sommets"],"inLanguage":"fr-FR"},{"@type":"WebPage","@id":"https:\/\/wbv-avgm.ch\/fr\/cabanna-regina-margherita\/","url":"https:\/\/wbv-avgm.ch\/fr\/cabanna-regina-margherita\/","name":"Cabanna Regina Margherita - Walliser Bergf\u00fchrerverband","isPartOf":{"@id":"https:\/\/wbv-avgm.ch\/fr\/#website"},"primaryImageOfPage":{"@id":"https:\/\/wbv-avgm.ch\/fr\/cabanna-regina-margherita\/#primaryimage"},"image":{"@id":"https:\/\/wbv-avgm.ch\/fr\/cabanna-regina-margherita\/#primaryimage"},"thumbnailUrl":"https:\/\/wbv-avgm.ch\/wp-content\/uploads\/Capanna_Regina_Margherita_1903.jpg","datePublished":"2021-03-06T16:24:38+00:00","dateModified":"2021-03-07T11:17:58+00:00","breadcrumb":{"@id":"https:\/\/wbv-avgm.ch\/fr\/cabanna-regina-margherita\/#breadcrumb"},"inLanguage":"fr-FR","potentialAction":[{"@type":"ReadAction","target":["https:\/\/wbv-avgm.ch\/fr\/cabanna-regina-margherita\/"]}]},{"@type":"ImageObject","inLanguage":"fr-FR","@id":"https:\/\/wbv-avgm.ch\/fr\/cabanna-regina-margherita\/#primaryimage","url":"https:\/\/wbv-avgm.ch\/wp-content\/uploads\/Capanna_Regina_Margherita_1903.jpg","contentUrl":"https:\/\/wbv-avgm.ch\/wp-content\/uploads\/Capanna_Regina_Margherita_1903.jpg","width":878,"height":368,"caption":"Am 14. Juli 1889 beschloss eine Delegiertenversammlung des CAI den Bau einer Bergsteigerunterkunft und Forschungsstation auf \u00fcber 4500 m H\u00f6he."},{"@type":"BreadcrumbList","@id":"https:\/\/wbv-avgm.ch\/fr\/cabanna-regina-margherita\/#breadcrumb","itemListElement":[{"@type":"ListItem","position":1,"name":"Startseite","item":"https:\/\/wbv-avgm.ch\/fr\/"},{"@type":"ListItem","position":2,"name":"Cabanna Regina Margherita"}]},{"@type":"WebSite","@id":"https:\/\/wbv-avgm.ch\/fr\/#website","url":"https:\/\/wbv-avgm.ch\/fr\/","name":"Walliser Bergf\u00fchrerverband","description":"Bergf\u00fchrer Wallis Schweiz","publisher":{"@id":"https:\/\/wbv-avgm.ch\/fr\/#organization"},"potentialAction":[{"@type":"SearchAction","target":{"@type":"EntryPoint","urlTemplate":"https:\/\/wbv-avgm.ch\/fr\/?s={search_term_string}"},"query-input":{"@type":"PropertyValueSpecification","valueRequired":true,"valueName":"search_term_string"}}],"inLanguage":"fr-FR"},{"@type":"Organization","@id":"https:\/\/wbv-avgm.ch\/fr\/#organization","name":"Walliser Bergf\u00fchrerverband","url":"https:\/\/wbv-avgm.ch\/fr\/","logo":{"@type":"ImageObject","inLanguage":"fr-FR","@id":"https:\/\/wbv-avgm.ch\/fr\/#\/schema\/logo\/image\/","url":"https:\/\/wbv-avgm.ch\/wp-content\/uploads\/logo-wbv-avgm-rot-mit-initialen.svg","contentUrl":"https:\/\/wbv-avgm.ch\/wp-content\/uploads\/logo-wbv-avgm-rot-mit-initialen.svg","width":290,"height":289,"caption":"Walliser Bergf\u00fchrerverband"},"image":{"@id":"https:\/\/wbv-avgm.ch\/fr\/#\/schema\/logo\/image\/"}},{"@type":"Person","@id":"https:\/\/wbv-avgm.ch\/fr\/#\/schema\/person\/fcb5a40d9e792b25a9c042538983ba43","name":"Lionel Corboz"}]}},"_links":{"self":[{"href":"https:\/\/wbv-avgm.ch\/fr\/wp-json\/wp\/v2\/posts\/3538","targetHints":{"allow":["GET"]}}],"collection":[{"href":"https:\/\/wbv-avgm.ch\/fr\/wp-json\/wp\/v2\/posts"}],"about":[{"href":"https:\/\/wbv-avgm.ch\/fr\/wp-json\/wp\/v2\/types\/post"}],"author":[{"embeddable":true,"href":"https:\/\/wbv-avgm.ch\/fr\/wp-json\/wp\/v2\/users\/1771"}],"replies":[{"embeddable":true,"href":"https:\/\/wbv-avgm.ch\/fr\/wp-json\/wp\/v2\/comments?post=3538"}],"version-history":[{"count":3,"href":"https:\/\/wbv-avgm.ch\/fr\/wp-json\/wp\/v2\/posts\/3538\/revisions"}],"predecessor-version":[{"id":3540,"href":"https:\/\/wbv-avgm.ch\/fr\/wp-json\/wp\/v2\/posts\/3538\/revisions\/3540"}],"wp:featuredmedia":[{"embeddable":true,"href":"https:\/\/wbv-avgm.ch\/fr\/wp-json\/wp\/v2\/media\/2274"}],"wp:attachment":[{"href":"https:\/\/wbv-avgm.ch\/fr\/wp-json\/wp\/v2\/media?parent=3538"}],"wp:term":[{"taxonomy":"category","embeddable":true,"href":"https:\/\/wbv-avgm.ch\/fr\/wp-json\/wp\/v2\/categories?post=3538"},{"taxonomy":"post_tag","embeddable":true,"href":"https:\/\/wbv-avgm.ch\/fr\/wp-json\/wp\/v2\/tags?post=3538"}],"curies":[{"name":"wp","href":"https:\/\/api.w.org\/{rel}","templated":true}]}}