{"id":3552,"date":"2021-03-06T17:20:23","date_gmt":"2021-03-06T16:20:23","guid":{"rendered":"https:\/\/wbv-avgm.ch\/?p=3552"},"modified":"2021-03-07T12:08:12","modified_gmt":"2021-03-07T11:08:12","slug":"cabanna-regina-margherita-2","status":"publish","type":"post","link":"https:\/\/wbv-avgm.ch\/fr\/cabanna-regina-margherita-2\/","title":{"rendered":"Cabanna Regina Margherita"},"content":{"rendered":"","protected":false},"excerpt":{"rendered":"<p>Elle est situ\u00e9e \u00e0 une altitude de 4554m. , ce qui en fait le plus haut b\u00e2tiement d&rsquo;Europe. La cabane Regina Margherita abrite un centre international de recherche sur la physiologie de l&rsquo;altitude.<\/p>\n","protected":false},"author":1771,"featured_media":2288,"comment_status":"closed","ping_status":"closed","sticky":false,"template":"","format":"standard","meta":{"footnotes":"","_links_to":"","_links_to_target":""},"categories":[24,21],"tags":[],"class_list":["post-3552","post","type-post","status-publish","format-standard","has-post-thumbnail","hentry","category-cabane","category-gens-et-sommets"],"yoast_head":"<!-- This site is optimized with the Yoast SEO plugin v27.5 - https:\/\/yoast.com\/product\/yoast-seo-wordpress\/ -->\n<title>Cabanna Regina Margherita - Walliser Bergf\u00fchrerverband<\/title>\n<meta name=\"robots\" content=\"index, follow, max-snippet:-1, max-image-preview:large, max-video-preview:-1\" \/>\n<link rel=\"canonical\" href=\"https:\/\/wbv-avgm.ch\/fr\/cabanna-regina-margherita-2\/\" \/>\n<meta property=\"og:locale\" content=\"fr_FR\" \/>\n<meta property=\"og:type\" content=\"article\" \/>\n<meta property=\"og:title\" content=\"Cabanna Regina Margherita - Walliser Bergf\u00fchrerverband\" \/>\n<meta property=\"og:description\" content=\"Elle est situ\u00e9e \u00e0 une altitude de 4554m. , ce qui en fait le plus haut b\u00e2tiement d&#039;Europe. La cabane Regina Margherita abrite un centre international de recherche sur la physiologie de l&#039;altitude.\" \/>\n<meta property=\"og:url\" content=\"https:\/\/wbv-avgm.ch\/fr\/cabanna-regina-margherita-2\/\" \/>\n<meta property=\"og:site_name\" content=\"Walliser Bergf\u00fchrerverband\" \/>\n<meta property=\"article:published_time\" content=\"2021-03-06T16:20:23+00:00\" \/>\n<meta property=\"article:modified_time\" content=\"2021-03-07T11:08:12+00:00\" \/>\n<meta property=\"og:image\" content=\"https:\/\/wbv-avgm.ch\/wp-content\/uploads\/705-e1613769517764.jpg\" \/>\n\t<meta property=\"og:image:width\" content=\"940\" \/>\n\t<meta property=\"og:image:height\" content=\"705\" \/>\n\t<meta property=\"og:image:type\" content=\"image\/jpeg\" \/>\n<meta name=\"author\" content=\"Lionel Corboz\" \/>\n<meta name=\"twitter:card\" content=\"summary_large_image\" \/>\n<meta name=\"twitter:label1\" content=\"\u00c9crit par\" \/>\n\t<meta name=\"twitter:data1\" content=\"Lionel Corboz\" \/>\n<script type=\"application\/ld+json\" class=\"yoast-schema-graph\">{\"@context\":\"https:\\\/\\\/schema.org\",\"@graph\":[{\"@type\":\"Article\",\"@id\":\"https:\\\/\\\/wbv-avgm.ch\\\/fr\\\/cabanna-regina-margherita-2\\\/#article\",\"isPartOf\":{\"@id\":\"https:\\\/\\\/wbv-avgm.ch\\\/fr\\\/cabanna-regina-margherita-2\\\/\"},\"author\":{\"name\":\"Lionel Corboz\",\"@id\":\"https:\\\/\\\/wbv-avgm.ch\\\/fr\\\/#\\\/schema\\\/person\\\/fcb5a40d9e792b25a9c042538983ba43\"},\"headline\":\"Cabanna Regina Margherita\",\"datePublished\":\"2021-03-06T16:20:23+00:00\",\"dateModified\":\"2021-03-07T11:08:12+00:00\",\"mainEntityOfPage\":{\"@id\":\"https:\\\/\\\/wbv-avgm.ch\\\/fr\\\/cabanna-regina-margherita-2\\\/\"},\"wordCount\":3,\"publisher\":{\"@id\":\"https:\\\/\\\/wbv-avgm.ch\\\/fr\\\/#organization\"},\"image\":{\"@id\":\"https:\\\/\\\/wbv-avgm.ch\\\/fr\\\/cabanna-regina-margherita-2\\\/#primaryimage\"},\"thumbnailUrl\":\"https:\\\/\\\/wbv-avgm.ch\\\/wp-content\\\/uploads\\\/705-e1613769517764.jpg\",\"articleSection\":[\"Cabanes\",\"Gens et sommets\"],\"inLanguage\":\"fr-FR\"},{\"@type\":\"WebPage\",\"@id\":\"https:\\\/\\\/wbv-avgm.ch\\\/fr\\\/cabanna-regina-margherita-2\\\/\",\"url\":\"https:\\\/\\\/wbv-avgm.ch\\\/fr\\\/cabanna-regina-margherita-2\\\/\",\"name\":\"Cabanna Regina Margherita - Walliser Bergf\u00fchrerverband\",\"isPartOf\":{\"@id\":\"https:\\\/\\\/wbv-avgm.ch\\\/fr\\\/#website\"},\"primaryImageOfPage\":{\"@id\":\"https:\\\/\\\/wbv-avgm.ch\\\/fr\\\/cabanna-regina-margherita-2\\\/#primaryimage\"},\"image\":{\"@id\":\"https:\\\/\\\/wbv-avgm.ch\\\/fr\\\/cabanna-regina-margherita-2\\\/#primaryimage\"},\"thumbnailUrl\":\"https:\\\/\\\/wbv-avgm.ch\\\/wp-content\\\/uploads\\\/705-e1613769517764.jpg\",\"datePublished\":\"2021-03-06T16:20:23+00:00\",\"dateModified\":\"2021-03-07T11:08:12+00:00\",\"breadcrumb\":{\"@id\":\"https:\\\/\\\/wbv-avgm.ch\\\/fr\\\/cabanna-regina-margherita-2\\\/#breadcrumb\"},\"inLanguage\":\"fr-FR\",\"potentialAction\":[{\"@type\":\"ReadAction\",\"target\":[\"https:\\\/\\\/wbv-avgm.ch\\\/fr\\\/cabanna-regina-margherita-2\\\/\"]}]},{\"@type\":\"ImageObject\",\"inLanguage\":\"fr-FR\",\"@id\":\"https:\\\/\\\/wbv-avgm.ch\\\/fr\\\/cabanna-regina-margherita-2\\\/#primaryimage\",\"url\":\"https:\\\/\\\/wbv-avgm.ch\\\/wp-content\\\/uploads\\\/705-e1613769517764.jpg\",\"contentUrl\":\"https:\\\/\\\/wbv-avgm.ch\\\/wp-content\\\/uploads\\\/705-e1613769517764.jpg\",\"width\":940,\"height\":705,\"caption\":\"Sie liegt auf einer H\u00f6he von 4554 m und ist damit das h\u00f6chstgelegene Geb\u00e4ude Europas. Sie wird von Mitte Juni bis Mitte September bewirtschaftet und bietet 70 Bergsteigern Schlafpl\u00e4tze. Im Winter steht der Winterraum mit 12 Lagern offen. In der H\u00fctte befindet sich ein internationales Zentrum f\u00fcr h\u00f6henphysiologische Forschung.\"},{\"@type\":\"BreadcrumbList\",\"@id\":\"https:\\\/\\\/wbv-avgm.ch\\\/fr\\\/cabanna-regina-margherita-2\\\/#breadcrumb\",\"itemListElement\":[{\"@type\":\"ListItem\",\"position\":1,\"name\":\"Startseite\",\"item\":\"https:\\\/\\\/wbv-avgm.ch\\\/fr\\\/\"},{\"@type\":\"ListItem\",\"position\":2,\"name\":\"Cabanna Regina Margherita\"}]},{\"@type\":\"WebSite\",\"@id\":\"https:\\\/\\\/wbv-avgm.ch\\\/fr\\\/#website\",\"url\":\"https:\\\/\\\/wbv-avgm.ch\\\/fr\\\/\",\"name\":\"Walliser Bergf\u00fchrerverband\",\"description\":\"Bergf\u00fchrer Wallis Schweiz\",\"publisher\":{\"@id\":\"https:\\\/\\\/wbv-avgm.ch\\\/fr\\\/#organization\"},\"potentialAction\":[{\"@type\":\"SearchAction\",\"target\":{\"@type\":\"EntryPoint\",\"urlTemplate\":\"https:\\\/\\\/wbv-avgm.ch\\\/fr\\\/?s={search_term_string}\"},\"query-input\":{\"@type\":\"PropertyValueSpecification\",\"valueRequired\":true,\"valueName\":\"search_term_string\"}}],\"inLanguage\":\"fr-FR\"},{\"@type\":\"Organization\",\"@id\":\"https:\\\/\\\/wbv-avgm.ch\\\/fr\\\/#organization\",\"name\":\"Walliser Bergf\u00fchrerverband\",\"url\":\"https:\\\/\\\/wbv-avgm.ch\\\/fr\\\/\",\"logo\":{\"@type\":\"ImageObject\",\"inLanguage\":\"fr-FR\",\"@id\":\"https:\\\/\\\/wbv-avgm.ch\\\/fr\\\/#\\\/schema\\\/logo\\\/image\\\/\",\"url\":\"https:\\\/\\\/wbv-avgm.ch\\\/wp-content\\\/uploads\\\/logo-wbv-avgm-rot-mit-initialen.svg\",\"contentUrl\":\"https:\\\/\\\/wbv-avgm.ch\\\/wp-content\\\/uploads\\\/logo-wbv-avgm-rot-mit-initialen.svg\",\"width\":290,\"height\":289,\"caption\":\"Walliser Bergf\u00fchrerverband\"},\"image\":{\"@id\":\"https:\\\/\\\/wbv-avgm.ch\\\/fr\\\/#\\\/schema\\\/logo\\\/image\\\/\"}},{\"@type\":\"Person\",\"@id\":\"https:\\\/\\\/wbv-avgm.ch\\\/fr\\\/#\\\/schema\\\/person\\\/fcb5a40d9e792b25a9c042538983ba43\",\"name\":\"Lionel Corboz\"}]}<\/script>\n<!-- \/ Yoast SEO plugin. -->","yoast_head_json":{"title":"Cabanna Regina Margherita - Walliser Bergf\u00fchrerverband","robots":{"index":"index","follow":"follow","max-snippet":"max-snippet:-1","max-image-preview":"max-image-preview:large","max-video-preview":"max-video-preview:-1"},"canonical":"https:\/\/wbv-avgm.ch\/fr\/cabanna-regina-margherita-2\/","og_locale":"fr_FR","og_type":"article","og_title":"Cabanna Regina Margherita - Walliser Bergf\u00fchrerverband","og_description":"Elle est situ\u00e9e \u00e0 une altitude de 4554m. , ce qui en fait le plus haut b\u00e2tiement d'Europe. La cabane Regina Margherita abrite un centre international de recherche sur la physiologie de l'altitude.","og_url":"https:\/\/wbv-avgm.ch\/fr\/cabanna-regina-margherita-2\/","og_site_name":"Walliser Bergf\u00fchrerverband","article_published_time":"2021-03-06T16:20:23+00:00","article_modified_time":"2021-03-07T11:08:12+00:00","og_image":[{"width":940,"height":705,"url":"https:\/\/wbv-avgm.ch\/wp-content\/uploads\/705-e1613769517764.jpg","type":"image\/jpeg"}],"author":"Lionel Corboz","twitter_card":"summary_large_image","twitter_misc":{"\u00c9crit par":"Lionel Corboz"},"schema":{"@context":"https:\/\/schema.org","@graph":[{"@type":"Article","@id":"https:\/\/wbv-avgm.ch\/fr\/cabanna-regina-margherita-2\/#article","isPartOf":{"@id":"https:\/\/wbv-avgm.ch\/fr\/cabanna-regina-margherita-2\/"},"author":{"name":"Lionel Corboz","@id":"https:\/\/wbv-avgm.ch\/fr\/#\/schema\/person\/fcb5a40d9e792b25a9c042538983ba43"},"headline":"Cabanna Regina Margherita","datePublished":"2021-03-06T16:20:23+00:00","dateModified":"2021-03-07T11:08:12+00:00","mainEntityOfPage":{"@id":"https:\/\/wbv-avgm.ch\/fr\/cabanna-regina-margherita-2\/"},"wordCount":3,"publisher":{"@id":"https:\/\/wbv-avgm.ch\/fr\/#organization"},"image":{"@id":"https:\/\/wbv-avgm.ch\/fr\/cabanna-regina-margherita-2\/#primaryimage"},"thumbnailUrl":"https:\/\/wbv-avgm.ch\/wp-content\/uploads\/705-e1613769517764.jpg","articleSection":["Cabanes","Gens et sommets"],"inLanguage":"fr-FR"},{"@type":"WebPage","@id":"https:\/\/wbv-avgm.ch\/fr\/cabanna-regina-margherita-2\/","url":"https:\/\/wbv-avgm.ch\/fr\/cabanna-regina-margherita-2\/","name":"Cabanna Regina Margherita - Walliser Bergf\u00fchrerverband","isPartOf":{"@id":"https:\/\/wbv-avgm.ch\/fr\/#website"},"primaryImageOfPage":{"@id":"https:\/\/wbv-avgm.ch\/fr\/cabanna-regina-margherita-2\/#primaryimage"},"image":{"@id":"https:\/\/wbv-avgm.ch\/fr\/cabanna-regina-margherita-2\/#primaryimage"},"thumbnailUrl":"https:\/\/wbv-avgm.ch\/wp-content\/uploads\/705-e1613769517764.jpg","datePublished":"2021-03-06T16:20:23+00:00","dateModified":"2021-03-07T11:08:12+00:00","breadcrumb":{"@id":"https:\/\/wbv-avgm.ch\/fr\/cabanna-regina-margherita-2\/#breadcrumb"},"inLanguage":"fr-FR","potentialAction":[{"@type":"ReadAction","target":["https:\/\/wbv-avgm.ch\/fr\/cabanna-regina-margherita-2\/"]}]},{"@type":"ImageObject","inLanguage":"fr-FR","@id":"https:\/\/wbv-avgm.ch\/fr\/cabanna-regina-margherita-2\/#primaryimage","url":"https:\/\/wbv-avgm.ch\/wp-content\/uploads\/705-e1613769517764.jpg","contentUrl":"https:\/\/wbv-avgm.ch\/wp-content\/uploads\/705-e1613769517764.jpg","width":940,"height":705,"caption":"Sie liegt auf einer H\u00f6he von 4554 m und ist damit das h\u00f6chstgelegene Geb\u00e4ude Europas. Sie wird von Mitte Juni bis Mitte September bewirtschaftet und bietet 70 Bergsteigern Schlafpl\u00e4tze. Im Winter steht der Winterraum mit 12 Lagern offen. In der H\u00fctte befindet sich ein internationales Zentrum f\u00fcr h\u00f6henphysiologische Forschung."},{"@type":"BreadcrumbList","@id":"https:\/\/wbv-avgm.ch\/fr\/cabanna-regina-margherita-2\/#breadcrumb","itemListElement":[{"@type":"ListItem","position":1,"name":"Startseite","item":"https:\/\/wbv-avgm.ch\/fr\/"},{"@type":"ListItem","position":2,"name":"Cabanna Regina Margherita"}]},{"@type":"WebSite","@id":"https:\/\/wbv-avgm.ch\/fr\/#website","url":"https:\/\/wbv-avgm.ch\/fr\/","name":"Walliser Bergf\u00fchrerverband","description":"Bergf\u00fchrer Wallis Schweiz","publisher":{"@id":"https:\/\/wbv-avgm.ch\/fr\/#organization"},"potentialAction":[{"@type":"SearchAction","target":{"@type":"EntryPoint","urlTemplate":"https:\/\/wbv-avgm.ch\/fr\/?s={search_term_string}"},"query-input":{"@type":"PropertyValueSpecification","valueRequired":true,"valueName":"search_term_string"}}],"inLanguage":"fr-FR"},{"@type":"Organization","@id":"https:\/\/wbv-avgm.ch\/fr\/#organization","name":"Walliser Bergf\u00fchrerverband","url":"https:\/\/wbv-avgm.ch\/fr\/","logo":{"@type":"ImageObject","inLanguage":"fr-FR","@id":"https:\/\/wbv-avgm.ch\/fr\/#\/schema\/logo\/image\/","url":"https:\/\/wbv-avgm.ch\/wp-content\/uploads\/logo-wbv-avgm-rot-mit-initialen.svg","contentUrl":"https:\/\/wbv-avgm.ch\/wp-content\/uploads\/logo-wbv-avgm-rot-mit-initialen.svg","width":290,"height":289,"caption":"Walliser Bergf\u00fchrerverband"},"image":{"@id":"https:\/\/wbv-avgm.ch\/fr\/#\/schema\/logo\/image\/"}},{"@type":"Person","@id":"https:\/\/wbv-avgm.ch\/fr\/#\/schema\/person\/fcb5a40d9e792b25a9c042538983ba43","name":"Lionel Corboz"}]}},"_links":{"self":[{"href":"https:\/\/wbv-avgm.ch\/fr\/wp-json\/wp\/v2\/posts\/3552","targetHints":{"allow":["GET"]}}],"collection":[{"href":"https:\/\/wbv-avgm.ch\/fr\/wp-json\/wp\/v2\/posts"}],"about":[{"href":"https:\/\/wbv-avgm.ch\/fr\/wp-json\/wp\/v2\/types\/post"}],"author":[{"embeddable":true,"href":"https:\/\/wbv-avgm.ch\/fr\/wp-json\/wp\/v2\/users\/1771"}],"replies":[{"embeddable":true,"href":"https:\/\/wbv-avgm.ch\/fr\/wp-json\/wp\/v2\/comments?post=3552"}],"version-history":[{"count":2,"href":"https:\/\/wbv-avgm.ch\/fr\/wp-json\/wp\/v2\/posts\/3552\/revisions"}],"predecessor-version":[{"id":3554,"href":"https:\/\/wbv-avgm.ch\/fr\/wp-json\/wp\/v2\/posts\/3552\/revisions\/3554"}],"wp:featuredmedia":[{"embeddable":true,"href":"https:\/\/wbv-avgm.ch\/fr\/wp-json\/wp\/v2\/media\/2288"}],"wp:attachment":[{"href":"https:\/\/wbv-avgm.ch\/fr\/wp-json\/wp\/v2\/media?parent=3552"}],"wp:term":[{"taxonomy":"category","embeddable":true,"href":"https:\/\/wbv-avgm.ch\/fr\/wp-json\/wp\/v2\/categories?post=3552"},{"taxonomy":"post_tag","embeddable":true,"href":"https:\/\/wbv-avgm.ch\/fr\/wp-json\/wp\/v2\/tags?post=3552"}],"curies":[{"name":"wp","href":"https:\/\/api.w.org\/{rel}","templated":true}]}}