{"id":4985,"date":"2023-03-24T13:11:57","date_gmt":"2023-03-24T12:11:57","guid":{"rendered":"https:\/\/wbv-avgm.ch\/?p=4985"},"modified":"2023-03-24T13:19:16","modified_gmt":"2023-03-24T12:19:16","slug":"weekend-ski-de-rando-2023","status":"publish","type":"post","link":"https:\/\/wbv-avgm.ch\/fr\/weekend-ski-de-rando-2023\/","title":{"rendered":"weekend ski de rando 2023"},"content":{"rendered":"\n<style type=\"text\/css\" data-created_by=\"avia_inline_auto\" id=\"style-css-av-7g8wmk-6a99b21d22f2abe8e5ceebcb5bd553e0\">\n.flex_column.av-7g8wmk-6a99b21d22f2abe8e5ceebcb5bd553e0{\nborder-radius:0px 0px 0px 0px;\npadding:0px 0px 0px 0px;\n}\n<\/style>\n<div  class='flex_column av-7g8wmk-6a99b21d22f2abe8e5ceebcb5bd553e0 av_two_third  avia-builder-el-0  el_before_av_one_third  avia-builder-el-first  first flex_column_div av-zero-column-padding  '     ><p>\n<style type=\"text\/css\" data-created_by=\"avia_inline_auto\" id=\"style-css-av-kliaj3oa-1ac844a7e39e0fdd3f356719c899ade0\">\n#top .av-special-heading.av-kliaj3oa-1ac844a7e39e0fdd3f356719c899ade0{\npadding-bottom:10px;\n}\nbody .av-special-heading.av-kliaj3oa-1ac844a7e39e0fdd3f356719c899ade0 .av-special-heading-tag .heading-char{\nfont-size:25px;\n}\n.av-special-heading.av-kliaj3oa-1ac844a7e39e0fdd3f356719c899ade0 .av-subheading{\nfont-size:15px;\n}\n<\/style>\n<div  class='av-special-heading av-kliaj3oa-1ac844a7e39e0fdd3f356719c899ade0 av-special-heading-h1 blockquote modern-quote  avia-builder-el-1  el_before_av_textblock  avia-builder-el-first '><h1 class='av-special-heading-tag '  itemprop=\"headline\"  >Weekend de ski de rando f\u00e9vrier 2023<\/h1><div class=\"special-heading-border\"><div class=\"special-heading-inner-border\"><\/div><\/div><\/div><br \/>\n<section  class='av_textblock_section av-kk5hhqiy-b11dc9374009c2d65eb114a3122c51e9 '   itemscope=\"itemscope\" itemtype=\"https:\/\/schema.org\/BlogPosting\" itemprop=\"blogPost\" ><div class='avia_textblock'  itemprop=\"text\" ><p>Les th\u00e8mes suivants ont \u00e9t\u00e9 abord\u00e9s lors de notre week-end randonn\u00e9e \u00e0 ski :<br \/>\n&#8211; Pr\u00e9paration de course<br \/>\n&#8211; Choix et pr\u00e9paration de la trace<br \/>\n&#8211; Analyse de la situation avalancheuse<br \/>\n&#8211; Coaching des clients \u00e0 la mont\u00e9e et \u00e0 la descente<br \/>\n&#8211; Orientation<br \/>\nLe r\u00e9sultat est beau \u00e0 voir!<\/p>\n<\/div><\/section><br \/>\n<div id='av-masonry-1' class='av-masonry av-kli35mqn-3256c94062123f2e4368167b21784ead noHover av-flex-size av-large-gap av-hover-overlay- av-masonry-animation-active av-masonry-col-3 av-caption-always av-caption-style- av-masonry-gallery av-medium-columns-overwrite av-medium-columns-3 av-small-columns-overwrite av-small-columns-2 av-mini-columns-overwrite av-mini-columns-1 ' data-post_id=\"4985\"><div class=\"av-masonry-container isotope av-js-disabled\"><div class='av-masonry-entry isotope-item av-masonry-item-no-image '><\/div><a href=\"https:\/\/wbv-avgm.ch\/wp-content\/uploads\/image0-1-1030x773.jpeg\" data-srcset=\"https:\/\/wbv-avgm.ch\/wp-content\/uploads\/image0-1-1030x773.jpeg 1030w, https:\/\/wbv-avgm.ch\/wp-content\/uploads\/image0-1-300x225.jpeg 300w, https:\/\/wbv-avgm.ch\/wp-content\/uploads\/image0-1-768x576.jpeg 768w, https:\/\/wbv-avgm.ch\/wp-content\/uploads\/image0-1-1536x1152.jpeg 1536w, https:\/\/wbv-avgm.ch\/wp-content\/uploads\/image0-1-2048x1536.jpeg 2048w, https:\/\/wbv-avgm.ch\/wp-content\/uploads\/image0-1-1500x1125.jpeg 1500w, https:\/\/wbv-avgm.ch\/wp-content\/uploads\/image0-1-705x529.jpeg 705w\" data-sizes=\"(max-width: 1030px) 100vw, 1030px\"  aria-label=\"image image0\"  id='av-masonry-1-item-4938' data-av-masonry-item='4938' class='av-masonry-entry isotope-item post-4938 attachment type-attachment status-inherit hentry  av-masonry-item-with-image' title=\"\" alt=\"\"    itemprop=\"thumbnailUrl\" ><div class='av-inner-masonry-sizer'><\/div><figure class='av-inner-masonry main_color'><div class=\"av-masonry-outerimage-container\"><div class='av-masonry-image-container'  ><img decoding=\"async\" width=\"705\" height=\"529\" fetchpriority=\"high\" class=\"wp-image-4938 avia-img-lazy-loading-not-4938\"  src=\"https:\/\/wbv-avgm.ch\/wp-content\/uploads\/image0-1-705x529.jpeg\" title=\"\" alt=\"\" srcset=\"https:\/\/wbv-avgm.ch\/wp-content\/uploads\/image0-1-705x529.jpeg 705w, https:\/\/wbv-avgm.ch\/wp-content\/uploads\/image0-1-300x225.jpeg 300w, https:\/\/wbv-avgm.ch\/wp-content\/uploads\/image0-1-1030x773.jpeg 1030w, https:\/\/wbv-avgm.ch\/wp-content\/uploads\/image0-1-768x576.jpeg 768w, https:\/\/wbv-avgm.ch\/wp-content\/uploads\/image0-1-1536x1152.jpeg 1536w, https:\/\/wbv-avgm.ch\/wp-content\/uploads\/image0-1-2048x1536.jpeg 2048w, https:\/\/wbv-avgm.ch\/wp-content\/uploads\/image0-1-1500x1125.jpeg 1500w\" sizes=\"(max-width: 705px) 100vw, 705px\" \/><\/div><\/div><\/figure><\/a><!--end av-masonry entry--><a href=\"https:\/\/wbv-avgm.ch\/wp-content\/uploads\/image1-1-773x1030.jpeg\" data-srcset=\"https:\/\/wbv-avgm.ch\/wp-content\/uploads\/image1-1-773x1030.jpeg 773w, https:\/\/wbv-avgm.ch\/wp-content\/uploads\/image1-1-225x300.jpeg 225w, https:\/\/wbv-avgm.ch\/wp-content\/uploads\/image1-1-768x1024.jpeg 768w, https:\/\/wbv-avgm.ch\/wp-content\/uploads\/image1-1-1152x1536.jpeg 1152w, https:\/\/wbv-avgm.ch\/wp-content\/uploads\/image1-1-1536x2048.jpeg 1536w, https:\/\/wbv-avgm.ch\/wp-content\/uploads\/image1-1-1125x1500.jpeg 1125w, https:\/\/wbv-avgm.ch\/wp-content\/uploads\/image1-1-529x705.jpeg 529w, https:\/\/wbv-avgm.ch\/wp-content\/uploads\/image1-1-scaled.jpeg 1920w\" data-sizes=\"(max-width: 773px) 100vw, 773px\"  aria-label=\"image image1\"  id='av-masonry-1-item-4940' data-av-masonry-item='4940' class='av-masonry-entry isotope-item post-4940 attachment type-attachment status-inherit hentry  av-masonry-item-with-image' title=\"\" alt=\"\"    itemprop=\"thumbnailUrl\" ><div class='av-inner-masonry-sizer'><\/div><figure class='av-inner-masonry main_color'><div class=\"av-masonry-outerimage-container\"><div class='av-masonry-image-container'  ><img decoding=\"async\" width=\"529\" height=\"705\" fetchpriority=\"high\" class=\"wp-image-4940 avia-img-lazy-loading-not-4940\"  src=\"https:\/\/wbv-avgm.ch\/wp-content\/uploads\/image1-1-529x705.jpeg\" title=\"\" alt=\"\" srcset=\"https:\/\/wbv-avgm.ch\/wp-content\/uploads\/image1-1-529x705.jpeg 529w, https:\/\/wbv-avgm.ch\/wp-content\/uploads\/image1-1-225x300.jpeg 225w, https:\/\/wbv-avgm.ch\/wp-content\/uploads\/image1-1-773x1030.jpeg 773w, https:\/\/wbv-avgm.ch\/wp-content\/uploads\/image1-1-768x1024.jpeg 768w, https:\/\/wbv-avgm.ch\/wp-content\/uploads\/image1-1-1152x1536.jpeg 1152w, https:\/\/wbv-avgm.ch\/wp-content\/uploads\/image1-1-1536x2048.jpeg 1536w, https:\/\/wbv-avgm.ch\/wp-content\/uploads\/image1-1-1125x1500.jpeg 1125w, https:\/\/wbv-avgm.ch\/wp-content\/uploads\/image1-1-scaled.jpeg 1920w\" sizes=\"(max-width: 529px) 100vw, 529px\" \/><\/div><\/div><\/figure><\/a><!--end av-masonry entry--><\/div><\/div><br \/>\n\n<style type=\"text\/css\" data-created_by=\"avia_inline_auto\" id=\"style-css-av-kk5hjk7x-ac513e9fd0e72016c6664ede98fdfc38\">\n#top .hr.hr-invisible.av-kk5hjk7x-ac513e9fd0e72016c6664ede98fdfc38{\nheight:80px;\n}\n<\/style>\n<div  class='hr av-kk5hjk7x-ac513e9fd0e72016c6664ede98fdfc38 hr-invisible  avia-builder-el-4  el_after_av_masonry_gallery  el_before_av_social_share  avia-builder-el-first '><span class='hr-inner '><span class=\"hr-inner-style\"><\/span><\/span><\/div><br \/>\n<div  class='av-social-sharing-box av-kk5hkbuk-600405c2340f9a89e2da34f9308c08b3 av-social-sharing-box-minimal  avia-builder-el-5  el_after_av_hr  avia-builder-el-last  av-social-sharing-box-fullwidth'><div class=\"av-share-box\"><h5 class='av-share-link-description av-no-toc '>Eintrag teilen<\/h5><ul class=\"av-share-box-list noLightbox\"><li class='av-share-link av-social-link-facebook avia_social_iconfont' ><a target=\"_blank\" aria-label=\"Partager sur Facebook\" href='https:\/\/www.facebook.com\/sharer.php?u=https:\/\/wbv-avgm.ch\/fr\/weekend-ski-de-rando-2023\/&#038;t=weekend%20ski%20de%20rando%202023' data-av_icon='\ue8f3' data-av_iconfont='entypo-fontello'  title='' data-avia-related-tooltip='Partager sur Facebook'><span class='avia_hidden_link_text'>Partager sur Facebook<\/span><\/a><\/li><li class='av-share-link av-social-link-twitter avia_social_iconfont' ><a target=\"_blank\" aria-label=\"Partager sur X\" href='https:\/\/twitter.com\/share?text=weekend%20ski%20de%20rando%202023&#038;url=https:\/\/wbv-avgm.ch\/fr\/?p=4985' data-av_icon='\ue932' data-av_iconfont='entypo-fontello'  title='' data-avia-related-tooltip='Partager sur X'><span class='avia_hidden_link_text'>Partager sur X<\/span><\/a><\/li><li class='av-share-link av-social-link-whatsapp avia_social_iconfont' ><a target=\"_blank\" aria-label=\"Partager sur WhatsApp\" href='https:\/\/api.whatsapp.com\/send?text=https:\/\/wbv-avgm.ch\/fr\/weekend-ski-de-rando-2023\/' data-av_icon='\uf232' data-av_iconfont='entypo-fontello'  title='' data-avia-related-tooltip='Partager sur WhatsApp'><span class='avia_hidden_link_text'>Partager sur WhatsApp<\/span><\/a><\/li><li class='av-share-link av-social-link-mail avia_social_iconfont' ><a  aria-label=\"Partager par Mail\" href='mailto:?subject=weekend%20ski%20de%20rando%202023&#038;body=https:\/\/wbv-avgm.ch\/fr\/weekend-ski-de-rando-2023\/' data-av_icon='\ue805' data-av_iconfont='entypo-fontello'  title='' data-avia-related-tooltip='Partager par Mail'><span class='avia_hidden_link_text'>Partager par Mail<\/span><\/a><\/li><\/ul><\/div><\/div><\/p><\/div>\n<style type=\"text\/css\" data-created_by=\"avia_inline_auto\" id=\"style-css-av-42vh8s-96534f90ac2bdeea627dd0674838184a\">\n.flex_column.av-42vh8s-96534f90ac2bdeea627dd0674838184a{\nborder-radius:0px 0px 0px 0px;\npadding:0px 0px 0px 0px;\n}\n<\/style>\n<div  class='flex_column av-42vh8s-96534f90ac2bdeea627dd0674838184a av_one_third  avia-builder-el-6  el_after_av_two_third  avia-builder-el-last  flex_column_div av-zero-column-padding  '     ><div  class='avia-builder-widget-area clearfix  avia-builder-el-7  avia-builder-el-no-sibling '><div id=\"newsbox-3\" class=\"widget clearfix avia-widget-container newsbox\"><h3 class=\"widgettitle\">WBV Aktuell<\/h3><ul class=\"news-wrap image_size_widget\"><li class=\"news-content post-format-standard\"><div class=\"news-link\"><a class='news-thumb ' title=\"Lire : Fete des guides 2026\" href=\"https:\/\/wbv-avgm.ch\/fr\/fete-des-guides-2026\/\"><img decoding=\"async\" loading=\"lazy\" width=\"36\" height=\"36\" src=\"https:\/\/wbv-avgm.ch\/wp-content\/uploads\/Unknown-36x36.png\" class=\"wp-image-5910 avia-img-lazy-loading-5910 attachment-widget size-widget wp-post-image\" alt=\"\" srcset=\"https:\/\/wbv-avgm.ch\/wp-content\/uploads\/Unknown-36x36.png 36w, https:\/\/wbv-avgm.ch\/wp-content\/uploads\/Unknown-80x80.png 80w, https:\/\/wbv-avgm.ch\/wp-content\/uploads\/Unknown-180x180.png 180w\" sizes=\"auto, (max-width: 36px) 100vw, 36px\" \/><\/a><div class=\"news-headline\"><a class='news-title' title=\"Lire : Fete des guides 2026\" href=\"https:\/\/wbv-avgm.ch\/fr\/fete-des-guides-2026\/\">Fete des guides 2026<\/a><span class=\"news-time\">24 avril 2026 - 13h08<\/span><\/div><\/div><\/li><li class=\"news-content post-format-standard\"><div class=\"news-link\"><a class='news-thumb ' title=\"Lire : F\u00eate des guides 2025\" href=\"https:\/\/wbv-avgm.ch\/fr\/fete-des-guides-2024-2\/\"><img decoding=\"async\" loading=\"lazy\" width=\"36\" height=\"36\" src=\"https:\/\/wbv-avgm.ch\/wp-content\/uploads\/GUIDES_AFFICHE-36x36.jpg\" class=\"wp-image-5795 avia-img-lazy-loading-5795 attachment-widget size-widget wp-post-image\" alt=\"\" srcset=\"https:\/\/wbv-avgm.ch\/wp-content\/uploads\/GUIDES_AFFICHE-36x36.jpg 36w, https:\/\/wbv-avgm.ch\/wp-content\/uploads\/GUIDES_AFFICHE-80x80.jpg 80w, https:\/\/wbv-avgm.ch\/wp-content\/uploads\/GUIDES_AFFICHE-180x180.jpg 180w\" sizes=\"auto, (max-width: 36px) 100vw, 36px\" \/><\/a><div class=\"news-headline\"><a class='news-title' title=\"Lire : F\u00eate des guides 2025\" href=\"https:\/\/wbv-avgm.ch\/fr\/fete-des-guides-2024-2\/\">F\u00eate des guides 2025<\/a><span class=\"news-time\">25 f\u00e9vrier 2025 - 7h47<\/span><\/div><\/div><\/li><li class=\"news-content post-format-standard\"><div class=\"news-link\"><a class='news-thumb ' title=\"Lire : F\u00eate des guides 2024\" href=\"https:\/\/wbv-avgm.ch\/fr\/fete-des-guides-2024\/\"><img decoding=\"async\" loading=\"lazy\" width=\"36\" height=\"36\" src=\"https:\/\/wbv-avgm.ch\/wp-content\/uploads\/logo-bergfuehrerfest-2024-36x36.png\" class=\"wp-image-5602 avia-img-lazy-loading-5602 attachment-widget size-widget wp-post-image\" alt=\"\" srcset=\"https:\/\/wbv-avgm.ch\/wp-content\/uploads\/logo-bergfuehrerfest-2024-36x36.png 36w, https:\/\/wbv-avgm.ch\/wp-content\/uploads\/logo-bergfuehrerfest-2024-80x80.png 80w, https:\/\/wbv-avgm.ch\/wp-content\/uploads\/logo-bergfuehrerfest-2024-180x180.png 180w\" sizes=\"auto, (max-width: 36px) 100vw, 36px\" \/><\/a><div class=\"news-headline\"><a class='news-title' title=\"Lire : F\u00eate des guides 2024\" href=\"https:\/\/wbv-avgm.ch\/fr\/fete-des-guides-2024\/\">F\u00eate des guides 2024<\/a><span class=\"news-time\">20 mars 2024 - 10h20<\/span><\/div><\/div><\/li><li class=\"news-content post-format-standard\"><div class=\"news-link\"><a class='news-thumb ' title=\"Lire : F\u00eate des guides 2023\" href=\"https:\/\/wbv-avgm.ch\/fr\/fete-des-guides-2023\/\"><img decoding=\"async\" loading=\"lazy\" width=\"36\" height=\"36\" src=\"https:\/\/wbv-avgm.ch\/wp-content\/uploads\/FDG-36x36.jpg\" class=\"wp-image-4827 avia-img-lazy-loading-4827 attachment-widget size-widget wp-post-image\" alt=\"\" srcset=\"https:\/\/wbv-avgm.ch\/wp-content\/uploads\/FDG-36x36.jpg 36w, https:\/\/wbv-avgm.ch\/wp-content\/uploads\/FDG-80x80.jpg 80w, https:\/\/wbv-avgm.ch\/wp-content\/uploads\/FDG-180x180.jpg 180w\" sizes=\"auto, (max-width: 36px) 100vw, 36px\" \/><\/a><div class=\"news-headline\"><a class='news-title' title=\"Lire : F\u00eate des guides 2023\" href=\"https:\/\/wbv-avgm.ch\/fr\/fete-des-guides-2023\/\">F\u00eate des guides 2023<\/a><span class=\"news-time\">4 d\u00e9cembre 2022 - 11h38<\/span><\/div><\/div><\/li><li class=\"news-content post-format-standard\"><div class=\"news-link\"><a class='news-thumb ' title=\"Lire : Nouveau pr\u00e9sident de l&rsquo;AVGM\" href=\"https:\/\/wbv-avgm.ch\/fr\/president_avgm\/\"><img decoding=\"async\" loading=\"lazy\" width=\"36\" height=\"36\" src=\"https:\/\/wbv-avgm.ch\/wp-content\/uploads\/roman_haltinner_vor_matterhorn-36x36.png\" class=\"wp-image-1892 avia-img-lazy-loading-1892 attachment-widget size-widget wp-post-image\" alt=\"Roman Haltinner, Matterhorn\" srcset=\"https:\/\/wbv-avgm.ch\/wp-content\/uploads\/roman_haltinner_vor_matterhorn-36x36.png 36w, https:\/\/wbv-avgm.ch\/wp-content\/uploads\/roman_haltinner_vor_matterhorn-80x80.png 80w, https:\/\/wbv-avgm.ch\/wp-content\/uploads\/roman_haltinner_vor_matterhorn-180x180.png 180w\" sizes=\"auto, (max-width: 36px) 100vw, 36px\" \/><\/a><div class=\"news-headline\"><a class='news-title' title=\"Lire : Nouveau pr\u00e9sident de l&rsquo;AVGM\" href=\"https:\/\/wbv-avgm.ch\/fr\/president_avgm\/\">Nouveau pr\u00e9sident de l&rsquo;AVGM<\/a><span class=\"news-time\">31 janvier 2022 - 9h07<\/span><\/div><\/div><\/li><li class=\"news-content post-format-standard\"><div class=\"news-link\"><a class='news-thumb ' title=\"Lire : Infos Covid 19\" href=\"https:\/\/wbv-avgm.ch\/fr\/covid-19\/\"><img decoding=\"async\" loading=\"lazy\" width=\"36\" height=\"36\" src=\"https:\/\/wbv-avgm.ch\/wp-content\/uploads\/Corona_infos-36x36.jpg\" class=\"wp-image-3164 avia-img-lazy-loading-3164 attachment-widget size-widget wp-post-image\" alt=\"\" srcset=\"https:\/\/wbv-avgm.ch\/wp-content\/uploads\/Corona_infos-36x36.jpg 36w, https:\/\/wbv-avgm.ch\/wp-content\/uploads\/Corona_infos-80x80.jpg 80w, https:\/\/wbv-avgm.ch\/wp-content\/uploads\/Corona_infos-180x180.jpg 180w\" sizes=\"auto, (max-width: 36px) 100vw, 36px\" \/><small class='avia-copyright'>Covid 19 ( google)<\/small><\/a><div class=\"news-headline\"><a class='news-title' title=\"Lire : Infos Covid 19\" href=\"https:\/\/wbv-avgm.ch\/fr\/covid-19\/\">Infos Covid 19<\/a><span class=\"news-time\">27 f\u00e9vrier 2021 - 15h37<\/span><\/div><\/div><\/li><li class=\"news-content post-format-standard\"><div class=\"news-link\"><a class='news-thumb ' title=\"Lire : Willkommen auf der neuen Website des WBV\" href=\"https:\/\/wbv-avgm.ch\/fr\/willkommen-auf-der-neuen-website-des-wbv\/\"><img decoding=\"async\" loading=\"lazy\" width=\"36\" height=\"36\" src=\"https:\/\/wbv-avgm.ch\/wp-content\/uploads\/00-neue-website-online-36x36.jpg\" class=\"wp-image-2085 avia-img-lazy-loading-2085 attachment-widget size-widget wp-post-image\" alt=\"\" srcset=\"https:\/\/wbv-avgm.ch\/wp-content\/uploads\/00-neue-website-online-36x36.jpg 36w, https:\/\/wbv-avgm.ch\/wp-content\/uploads\/00-neue-website-online-80x80.jpg 80w, https:\/\/wbv-avgm.ch\/wp-content\/uploads\/00-neue-website-online-180x180.jpg 180w\" sizes=\"auto, (max-width: 36px) 100vw, 36px\" \/><\/a><div class=\"news-headline\"><a class='news-title' title=\"Lire : Willkommen auf der neuen Website des WBV\" href=\"https:\/\/wbv-avgm.ch\/fr\/willkommen-auf-der-neuen-website-des-wbv\/\">Willkommen auf der neuen Website des WBV<\/a><span class=\"news-time\">25 janvier 2021 - 15h16<\/span><\/div><\/div><\/li><\/ul><\/div><div id=\"newsbox-5\" class=\"widget clearfix avia-widget-container newsbox\"><h3 class=\"widgettitle\">Nachwuchsgruppe<\/h3><ul class=\"news-wrap image_size_widget\"><li class=\"news-content post-format-standard\"><div class=\"news-link\"><a class='news-thumb ' title=\"Lire : Rando \u00e0 skis en altitude 2024\" href=\"https:\/\/wbv-avgm.ch\/fr\/escalade-2023-2-2\/\"><img decoding=\"async\" loading=\"lazy\" width=\"36\" height=\"36\" src=\"https:\/\/wbv-avgm.ch\/wp-content\/uploads\/IMG_3382-1-36x36.jpg\" class=\"wp-image-5551 avia-img-lazy-loading-5551 attachment-widget size-widget wp-post-image\" alt=\"\" srcset=\"https:\/\/wbv-avgm.ch\/wp-content\/uploads\/IMG_3382-1-36x36.jpg 36w, https:\/\/wbv-avgm.ch\/wp-content\/uploads\/IMG_3382-1-80x80.jpg 80w, https:\/\/wbv-avgm.ch\/wp-content\/uploads\/IMG_3382-1-180x180.jpg 180w\" sizes=\"auto, (max-width: 36px) 100vw, 36px\" \/><\/a><div class=\"news-headline\"><a class='news-title' title=\"Lire : Rando \u00e0 skis en altitude 2024\" href=\"https:\/\/wbv-avgm.ch\/fr\/escalade-2023-2-2\/\">Rando \u00e0 skis en altitude 2024<\/a><span class=\"news-time\">20 mars 2024 - 9h57<\/span><\/div><\/div><\/li><li class=\"news-content post-format-standard\"><div class=\"news-link\"><a class='news-thumb ' title=\"Lire : Rando \u00e0 skis 2024\" href=\"https:\/\/wbv-avgm.ch\/fr\/escalade-2023-2\/\"><img decoding=\"async\" loading=\"lazy\" width=\"36\" height=\"36\" src=\"https:\/\/wbv-avgm.ch\/wp-content\/uploads\/IMG_1659-36x36.jpg\" class=\"wp-image-5484 avia-img-lazy-loading-5484 attachment-widget size-widget wp-post-image\" alt=\"\" srcset=\"https:\/\/wbv-avgm.ch\/wp-content\/uploads\/IMG_1659-36x36.jpg 36w, https:\/\/wbv-avgm.ch\/wp-content\/uploads\/IMG_1659-80x80.jpg 80w, https:\/\/wbv-avgm.ch\/wp-content\/uploads\/IMG_1659-180x180.jpg 180w\" sizes=\"auto, (max-width: 36px) 100vw, 36px\" \/><\/a><div class=\"news-headline\"><a class='news-title' title=\"Lire : Rando \u00e0 skis 2024\" href=\"https:\/\/wbv-avgm.ch\/fr\/escalade-2023-2\/\">Rando \u00e0 skis 2024<\/a><span class=\"news-time\">21 f\u00e9vrier 2024 - 10h14<\/span><\/div><\/div><\/li><li class=\"news-content post-format-standard\"><div class=\"news-link\"><a class='news-thumb ' title=\"Lire : escalade 2023\" href=\"https:\/\/wbv-avgm.ch\/fr\/escalade-2023\/\"><img decoding=\"async\" loading=\"lazy\" width=\"36\" height=\"36\" src=\"https:\/\/wbv-avgm.ch\/wp-content\/uploads\/image1-3-36x36.jpeg\" class=\"wp-image-5296 avia-img-lazy-loading-5296 attachment-widget size-widget wp-post-image\" alt=\"\" srcset=\"https:\/\/wbv-avgm.ch\/wp-content\/uploads\/image1-3-36x36.jpeg 36w, https:\/\/wbv-avgm.ch\/wp-content\/uploads\/image1-3-80x80.jpeg 80w, https:\/\/wbv-avgm.ch\/wp-content\/uploads\/image1-3-180x180.jpeg 180w\" sizes=\"auto, (max-width: 36px) 100vw, 36px\" \/><\/a><div class=\"news-headline\"><a class='news-title' title=\"Lire : escalade 2023\" href=\"https:\/\/wbv-avgm.ch\/fr\/escalade-2023\/\">escalade 2023<\/a><span class=\"news-time\">19 septembre 2023 - 14h15<\/span><\/div><\/div><\/li><li class=\"news-content post-format-standard\"><div class=\"news-link\"><a class='news-thumb ' title=\"Lire : weekend ski de rando 2023\" href=\"https:\/\/wbv-avgm.ch\/fr\/weekend-ski-de-rando-2023\/\"><img decoding=\"async\" loading=\"lazy\" width=\"36\" height=\"36\" src=\"https:\/\/wbv-avgm.ch\/wp-content\/uploads\/image0-36x36.jpeg\" class=\"wp-image-4934 avia-img-lazy-loading-4934 attachment-widget size-widget wp-post-image\" alt=\"\" srcset=\"https:\/\/wbv-avgm.ch\/wp-content\/uploads\/image0-36x36.jpeg 36w, https:\/\/wbv-avgm.ch\/wp-content\/uploads\/image0-80x80.jpeg 80w, https:\/\/wbv-avgm.ch\/wp-content\/uploads\/image0-180x180.jpeg 180w\" sizes=\"auto, (max-width: 36px) 100vw, 36px\" \/><\/a><div class=\"news-headline\"><a class='news-title' title=\"Lire : weekend ski de rando 2023\" href=\"https:\/\/wbv-avgm.ch\/fr\/weekend-ski-de-rando-2023\/\">weekend ski de rando 2023<\/a><span class=\"news-time\">24 mars 2023 - 13h11<\/span><\/div><\/div><\/li><li class=\"news-content post-format-standard\"><div class=\"news-link\"><a class='news-thumb ' title=\"Lire : Ecrins 2022\" href=\"https:\/\/wbv-avgm.ch\/fr\/ecrins-2022-2\/\"><img decoding=\"async\" loading=\"lazy\" width=\"36\" height=\"36\" src=\"https:\/\/wbv-avgm.ch\/wp-content\/uploads\/IMG_2584-1-36x36.jpeg\" class=\"wp-image-4400 avia-img-lazy-loading-4400 attachment-widget size-widget wp-post-image\" alt=\"\" srcset=\"https:\/\/wbv-avgm.ch\/wp-content\/uploads\/IMG_2584-1-36x36.jpeg 36w, https:\/\/wbv-avgm.ch\/wp-content\/uploads\/IMG_2584-1-80x80.jpeg 80w, https:\/\/wbv-avgm.ch\/wp-content\/uploads\/IMG_2584-1-180x180.jpeg 180w\" sizes=\"auto, (max-width: 36px) 100vw, 36px\" \/><\/a><div class=\"news-headline\"><a class='news-title' title=\"Lire : Ecrins 2022\" href=\"https:\/\/wbv-avgm.ch\/fr\/ecrins-2022-2\/\">Ecrins 2022<\/a><span class=\"news-time\">26 ao\u00fbt 2022 - 11h12<\/span><\/div><\/div><\/li><li class=\"news-content post-format-standard\"><div class=\"news-link\"><a class='news-thumb ' title=\"Lire : Week-end rando \u00e0 ski 2022\" href=\"https:\/\/wbv-avgm.ch\/fr\/week-end-rando-a-ski-2022\/\"><img decoding=\"async\" loading=\"lazy\" width=\"36\" height=\"36\" src=\"https:\/\/wbv-avgm.ch\/wp-content\/uploads\/IMG_3307-36x36.jpeg\" class=\"wp-image-4302 avia-img-lazy-loading-4302 attachment-widget size-widget wp-post-image\" alt=\"\" srcset=\"https:\/\/wbv-avgm.ch\/wp-content\/uploads\/IMG_3307-36x36.jpeg 36w, https:\/\/wbv-avgm.ch\/wp-content\/uploads\/IMG_3307-80x80.jpeg 80w, https:\/\/wbv-avgm.ch\/wp-content\/uploads\/IMG_3307-180x180.jpeg 180w\" sizes=\"auto, (max-width: 36px) 100vw, 36px\" \/><\/a><div class=\"news-headline\"><a class='news-title' title=\"Lire : Week-end rando \u00e0 ski 2022\" href=\"https:\/\/wbv-avgm.ch\/fr\/week-end-rando-a-ski-2022\/\">Week-end rando \u00e0 ski 2022<\/a><span class=\"news-time\">3 avril 2022 - 22h21<\/span><\/div><\/div><\/li><li class=\"news-content post-format-standard\"><div class=\"news-link\"><a class='news-thumb ' title=\"Lire : Skitouren 2022\" href=\"https:\/\/wbv-avgm.ch\/fr\/skitouren-2022\/\"><img decoding=\"async\" loading=\"lazy\" width=\"36\" height=\"36\" src=\"https:\/\/wbv-avgm.ch\/wp-content\/uploads\/IMG_3307-36x36.jpeg\" class=\"wp-image-4302 avia-img-lazy-loading-4302 attachment-widget size-widget wp-post-image\" alt=\"\" srcset=\"https:\/\/wbv-avgm.ch\/wp-content\/uploads\/IMG_3307-36x36.jpeg 36w, https:\/\/wbv-avgm.ch\/wp-content\/uploads\/IMG_3307-80x80.jpeg 80w, https:\/\/wbv-avgm.ch\/wp-content\/uploads\/IMG_3307-180x180.jpeg 180w\" sizes=\"auto, (max-width: 36px) 100vw, 36px\" \/><\/a><div class=\"news-headline\"><a class='news-title' title=\"Lire : Skitouren 2022\" href=\"https:\/\/wbv-avgm.ch\/fr\/skitouren-2022\/\">Skitouren 2022<\/a><span class=\"news-time\">3 avril 2022 - 22h16<\/span><\/div><\/div><\/li><\/ul><\/div><\/div><\/div><\/p>\n","protected":false},"excerpt":{"rendered":"","protected":false},"author":1771,"featured_media":4934,"comment_status":"closed","ping_status":"closed","sticky":false,"template":"","format":"standard","meta":{"footnotes":"","_links_to":"","_links_to_target":""},"categories":[19],"tags":[],"class_list":["post-4985","post","type-post","status-publish","format-standard","has-post-thumbnail","hentry","category-groupe-espoir"],"yoast_head":"<!-- This site is optimized with the Yoast SEO plugin v27.5 - https:\/\/yoast.com\/product\/yoast-seo-wordpress\/ -->\n<title>weekend ski de rando 2023 - Walliser Bergf\u00fchrerverband<\/title>\n<meta name=\"robots\" content=\"index, follow, max-snippet:-1, max-image-preview:large, max-video-preview:-1\" \/>\n<link rel=\"canonical\" href=\"https:\/\/wbv-avgm.ch\/fr\/weekend-ski-de-rando-2023\/\" \/>\n<meta property=\"og:locale\" content=\"fr_FR\" \/>\n<meta property=\"og:type\" content=\"article\" \/>\n<meta property=\"og:title\" content=\"weekend ski de rando 2023 - Walliser Bergf\u00fchrerverband\" \/>\n<meta property=\"og:url\" content=\"https:\/\/wbv-avgm.ch\/fr\/weekend-ski-de-rando-2023\/\" \/>\n<meta property=\"og:site_name\" content=\"Walliser Bergf\u00fchrerverband\" \/>\n<meta property=\"article:published_time\" content=\"2023-03-24T12:11:57+00:00\" \/>\n<meta property=\"article:modified_time\" content=\"2023-03-24T12:19:16+00:00\" \/>\n<meta property=\"og:image\" content=\"https:\/\/wbv-avgm.ch\/wp-content\/uploads\/image0-1030x773.jpeg\" \/>\n\t<meta property=\"og:image:width\" content=\"1030\" \/>\n\t<meta property=\"og:image:height\" content=\"773\" \/>\n\t<meta property=\"og:image:type\" content=\"image\/jpeg\" \/>\n<meta name=\"author\" content=\"Lionel Corboz\" \/>\n<meta name=\"twitter:card\" content=\"summary_large_image\" \/>\n<meta name=\"twitter:label1\" content=\"\u00c9crit par\" \/>\n\t<meta name=\"twitter:data1\" content=\"Lionel Corboz\" \/>\n\t<meta name=\"twitter:label2\" content=\"Dur\u00e9e de lecture estim\u00e9e\" \/>\n\t<meta name=\"twitter:data2\" content=\"4 minutes\" \/>\n<script type=\"application\/ld+json\" class=\"yoast-schema-graph\">{\"@context\":\"https:\\\/\\\/schema.org\",\"@graph\":[{\"@type\":\"Article\",\"@id\":\"https:\\\/\\\/wbv-avgm.ch\\\/fr\\\/weekend-ski-de-rando-2023\\\/#article\",\"isPartOf\":{\"@id\":\"https:\\\/\\\/wbv-avgm.ch\\\/fr\\\/weekend-ski-de-rando-2023\\\/\"},\"author\":{\"name\":\"Lionel Corboz\",\"@id\":\"https:\\\/\\\/wbv-avgm.ch\\\/fr\\\/#\\\/schema\\\/person\\\/fcb5a40d9e792b25a9c042538983ba43\"},\"headline\":\"weekend ski de rando 2023\",\"datePublished\":\"2023-03-24T12:11:57+00:00\",\"dateModified\":\"2023-03-24T12:19:16+00:00\",\"mainEntityOfPage\":{\"@id\":\"https:\\\/\\\/wbv-avgm.ch\\\/fr\\\/weekend-ski-de-rando-2023\\\/\"},\"wordCount\":604,\"publisher\":{\"@id\":\"https:\\\/\\\/wbv-avgm.ch\\\/fr\\\/#organization\"},\"image\":{\"@id\":\"https:\\\/\\\/wbv-avgm.ch\\\/fr\\\/weekend-ski-de-rando-2023\\\/#primaryimage\"},\"thumbnailUrl\":\"https:\\\/\\\/wbv-avgm.ch\\\/wp-content\\\/uploads\\\/image0-scaled.jpeg\",\"articleSection\":[\"Groupe espoir\"],\"inLanguage\":\"fr-FR\"},{\"@type\":\"WebPage\",\"@id\":\"https:\\\/\\\/wbv-avgm.ch\\\/fr\\\/weekend-ski-de-rando-2023\\\/\",\"url\":\"https:\\\/\\\/wbv-avgm.ch\\\/fr\\\/weekend-ski-de-rando-2023\\\/\",\"name\":\"weekend ski de rando 2023 - Walliser Bergf\u00fchrerverband\",\"isPartOf\":{\"@id\":\"https:\\\/\\\/wbv-avgm.ch\\\/fr\\\/#website\"},\"primaryImageOfPage\":{\"@id\":\"https:\\\/\\\/wbv-avgm.ch\\\/fr\\\/weekend-ski-de-rando-2023\\\/#primaryimage\"},\"image\":{\"@id\":\"https:\\\/\\\/wbv-avgm.ch\\\/fr\\\/weekend-ski-de-rando-2023\\\/#primaryimage\"},\"thumbnailUrl\":\"https:\\\/\\\/wbv-avgm.ch\\\/wp-content\\\/uploads\\\/image0-scaled.jpeg\",\"datePublished\":\"2023-03-24T12:11:57+00:00\",\"dateModified\":\"2023-03-24T12:19:16+00:00\",\"breadcrumb\":{\"@id\":\"https:\\\/\\\/wbv-avgm.ch\\\/fr\\\/weekend-ski-de-rando-2023\\\/#breadcrumb\"},\"inLanguage\":\"fr-FR\",\"potentialAction\":[{\"@type\":\"ReadAction\",\"target\":[\"https:\\\/\\\/wbv-avgm.ch\\\/fr\\\/weekend-ski-de-rando-2023\\\/\"]}]},{\"@type\":\"ImageObject\",\"inLanguage\":\"fr-FR\",\"@id\":\"https:\\\/\\\/wbv-avgm.ch\\\/fr\\\/weekend-ski-de-rando-2023\\\/#primaryimage\",\"url\":\"https:\\\/\\\/wbv-avgm.ch\\\/wp-content\\\/uploads\\\/image0-scaled.jpeg\",\"contentUrl\":\"https:\\\/\\\/wbv-avgm.ch\\\/wp-content\\\/uploads\\\/image0-scaled.jpeg\",\"width\":2560,\"height\":1920},{\"@type\":\"BreadcrumbList\",\"@id\":\"https:\\\/\\\/wbv-avgm.ch\\\/fr\\\/weekend-ski-de-rando-2023\\\/#breadcrumb\",\"itemListElement\":[{\"@type\":\"ListItem\",\"position\":1,\"name\":\"Startseite\",\"item\":\"https:\\\/\\\/wbv-avgm.ch\\\/fr\\\/\"},{\"@type\":\"ListItem\",\"position\":2,\"name\":\"weekend ski de rando 2023\"}]},{\"@type\":\"WebSite\",\"@id\":\"https:\\\/\\\/wbv-avgm.ch\\\/fr\\\/#website\",\"url\":\"https:\\\/\\\/wbv-avgm.ch\\\/fr\\\/\",\"name\":\"Walliser Bergf\u00fchrerverband\",\"description\":\"Bergf\u00fchrer Wallis Schweiz\",\"publisher\":{\"@id\":\"https:\\\/\\\/wbv-avgm.ch\\\/fr\\\/#organization\"},\"potentialAction\":[{\"@type\":\"SearchAction\",\"target\":{\"@type\":\"EntryPoint\",\"urlTemplate\":\"https:\\\/\\\/wbv-avgm.ch\\\/fr\\\/?s={search_term_string}\"},\"query-input\":{\"@type\":\"PropertyValueSpecification\",\"valueRequired\":true,\"valueName\":\"search_term_string\"}}],\"inLanguage\":\"fr-FR\"},{\"@type\":\"Organization\",\"@id\":\"https:\\\/\\\/wbv-avgm.ch\\\/fr\\\/#organization\",\"name\":\"Walliser Bergf\u00fchrerverband\",\"url\":\"https:\\\/\\\/wbv-avgm.ch\\\/fr\\\/\",\"logo\":{\"@type\":\"ImageObject\",\"inLanguage\":\"fr-FR\",\"@id\":\"https:\\\/\\\/wbv-avgm.ch\\\/fr\\\/#\\\/schema\\\/logo\\\/image\\\/\",\"url\":\"https:\\\/\\\/wbv-avgm.ch\\\/wp-content\\\/uploads\\\/logo-wbv-avgm-rot-mit-initialen.svg\",\"contentUrl\":\"https:\\\/\\\/wbv-avgm.ch\\\/wp-content\\\/uploads\\\/logo-wbv-avgm-rot-mit-initialen.svg\",\"width\":290,\"height\":289,\"caption\":\"Walliser Bergf\u00fchrerverband\"},\"image\":{\"@id\":\"https:\\\/\\\/wbv-avgm.ch\\\/fr\\\/#\\\/schema\\\/logo\\\/image\\\/\"}},{\"@type\":\"Person\",\"@id\":\"https:\\\/\\\/wbv-avgm.ch\\\/fr\\\/#\\\/schema\\\/person\\\/fcb5a40d9e792b25a9c042538983ba43\",\"name\":\"Lionel Corboz\"}]}<\/script>\n<!-- \/ Yoast SEO plugin. -->","yoast_head_json":{"title":"weekend ski de rando 2023 - Walliser Bergf\u00fchrerverband","robots":{"index":"index","follow":"follow","max-snippet":"max-snippet:-1","max-image-preview":"max-image-preview:large","max-video-preview":"max-video-preview:-1"},"canonical":"https:\/\/wbv-avgm.ch\/fr\/weekend-ski-de-rando-2023\/","og_locale":"fr_FR","og_type":"article","og_title":"weekend ski de rando 2023 - Walliser Bergf\u00fchrerverband","og_url":"https:\/\/wbv-avgm.ch\/fr\/weekend-ski-de-rando-2023\/","og_site_name":"Walliser Bergf\u00fchrerverband","article_published_time":"2023-03-24T12:11:57+00:00","article_modified_time":"2023-03-24T12:19:16+00:00","og_image":[{"width":1030,"height":773,"url":"https:\/\/wbv-avgm.ch\/wp-content\/uploads\/image0-1030x773.jpeg","type":"image\/jpeg"}],"author":"Lionel Corboz","twitter_card":"summary_large_image","twitter_misc":{"\u00c9crit par":"Lionel Corboz","Dur\u00e9e de lecture estim\u00e9e":"4 minutes"},"schema":{"@context":"https:\/\/schema.org","@graph":[{"@type":"Article","@id":"https:\/\/wbv-avgm.ch\/fr\/weekend-ski-de-rando-2023\/#article","isPartOf":{"@id":"https:\/\/wbv-avgm.ch\/fr\/weekend-ski-de-rando-2023\/"},"author":{"name":"Lionel Corboz","@id":"https:\/\/wbv-avgm.ch\/fr\/#\/schema\/person\/fcb5a40d9e792b25a9c042538983ba43"},"headline":"weekend ski de rando 2023","datePublished":"2023-03-24T12:11:57+00:00","dateModified":"2023-03-24T12:19:16+00:00","mainEntityOfPage":{"@id":"https:\/\/wbv-avgm.ch\/fr\/weekend-ski-de-rando-2023\/"},"wordCount":604,"publisher":{"@id":"https:\/\/wbv-avgm.ch\/fr\/#organization"},"image":{"@id":"https:\/\/wbv-avgm.ch\/fr\/weekend-ski-de-rando-2023\/#primaryimage"},"thumbnailUrl":"https:\/\/wbv-avgm.ch\/wp-content\/uploads\/image0-scaled.jpeg","articleSection":["Groupe espoir"],"inLanguage":"fr-FR"},{"@type":"WebPage","@id":"https:\/\/wbv-avgm.ch\/fr\/weekend-ski-de-rando-2023\/","url":"https:\/\/wbv-avgm.ch\/fr\/weekend-ski-de-rando-2023\/","name":"weekend ski de rando 2023 - Walliser Bergf\u00fchrerverband","isPartOf":{"@id":"https:\/\/wbv-avgm.ch\/fr\/#website"},"primaryImageOfPage":{"@id":"https:\/\/wbv-avgm.ch\/fr\/weekend-ski-de-rando-2023\/#primaryimage"},"image":{"@id":"https:\/\/wbv-avgm.ch\/fr\/weekend-ski-de-rando-2023\/#primaryimage"},"thumbnailUrl":"https:\/\/wbv-avgm.ch\/wp-content\/uploads\/image0-scaled.jpeg","datePublished":"2023-03-24T12:11:57+00:00","dateModified":"2023-03-24T12:19:16+00:00","breadcrumb":{"@id":"https:\/\/wbv-avgm.ch\/fr\/weekend-ski-de-rando-2023\/#breadcrumb"},"inLanguage":"fr-FR","potentialAction":[{"@type":"ReadAction","target":["https:\/\/wbv-avgm.ch\/fr\/weekend-ski-de-rando-2023\/"]}]},{"@type":"ImageObject","inLanguage":"fr-FR","@id":"https:\/\/wbv-avgm.ch\/fr\/weekend-ski-de-rando-2023\/#primaryimage","url":"https:\/\/wbv-avgm.ch\/wp-content\/uploads\/image0-scaled.jpeg","contentUrl":"https:\/\/wbv-avgm.ch\/wp-content\/uploads\/image0-scaled.jpeg","width":2560,"height":1920},{"@type":"BreadcrumbList","@id":"https:\/\/wbv-avgm.ch\/fr\/weekend-ski-de-rando-2023\/#breadcrumb","itemListElement":[{"@type":"ListItem","position":1,"name":"Startseite","item":"https:\/\/wbv-avgm.ch\/fr\/"},{"@type":"ListItem","position":2,"name":"weekend ski de rando 2023"}]},{"@type":"WebSite","@id":"https:\/\/wbv-avgm.ch\/fr\/#website","url":"https:\/\/wbv-avgm.ch\/fr\/","name":"Walliser Bergf\u00fchrerverband","description":"Bergf\u00fchrer Wallis Schweiz","publisher":{"@id":"https:\/\/wbv-avgm.ch\/fr\/#organization"},"potentialAction":[{"@type":"SearchAction","target":{"@type":"EntryPoint","urlTemplate":"https:\/\/wbv-avgm.ch\/fr\/?s={search_term_string}"},"query-input":{"@type":"PropertyValueSpecification","valueRequired":true,"valueName":"search_term_string"}}],"inLanguage":"fr-FR"},{"@type":"Organization","@id":"https:\/\/wbv-avgm.ch\/fr\/#organization","name":"Walliser Bergf\u00fchrerverband","url":"https:\/\/wbv-avgm.ch\/fr\/","logo":{"@type":"ImageObject","inLanguage":"fr-FR","@id":"https:\/\/wbv-avgm.ch\/fr\/#\/schema\/logo\/image\/","url":"https:\/\/wbv-avgm.ch\/wp-content\/uploads\/logo-wbv-avgm-rot-mit-initialen.svg","contentUrl":"https:\/\/wbv-avgm.ch\/wp-content\/uploads\/logo-wbv-avgm-rot-mit-initialen.svg","width":290,"height":289,"caption":"Walliser Bergf\u00fchrerverband"},"image":{"@id":"https:\/\/wbv-avgm.ch\/fr\/#\/schema\/logo\/image\/"}},{"@type":"Person","@id":"https:\/\/wbv-avgm.ch\/fr\/#\/schema\/person\/fcb5a40d9e792b25a9c042538983ba43","name":"Lionel Corboz"}]}},"_links":{"self":[{"href":"https:\/\/wbv-avgm.ch\/fr\/wp-json\/wp\/v2\/posts\/4985","targetHints":{"allow":["GET"]}}],"collection":[{"href":"https:\/\/wbv-avgm.ch\/fr\/wp-json\/wp\/v2\/posts"}],"about":[{"href":"https:\/\/wbv-avgm.ch\/fr\/wp-json\/wp\/v2\/types\/post"}],"author":[{"embeddable":true,"href":"https:\/\/wbv-avgm.ch\/fr\/wp-json\/wp\/v2\/users\/1771"}],"replies":[{"embeddable":true,"href":"https:\/\/wbv-avgm.ch\/fr\/wp-json\/wp\/v2\/comments?post=4985"}],"version-history":[{"count":4,"href":"https:\/\/wbv-avgm.ch\/fr\/wp-json\/wp\/v2\/posts\/4985\/revisions"}],"predecessor-version":[{"id":5001,"href":"https:\/\/wbv-avgm.ch\/fr\/wp-json\/wp\/v2\/posts\/4985\/revisions\/5001"}],"wp:featuredmedia":[{"embeddable":true,"href":"https:\/\/wbv-avgm.ch\/fr\/wp-json\/wp\/v2\/media\/4934"}],"wp:attachment":[{"href":"https:\/\/wbv-avgm.ch\/fr\/wp-json\/wp\/v2\/media?parent=4985"}],"wp:term":[{"taxonomy":"category","embeddable":true,"href":"https:\/\/wbv-avgm.ch\/fr\/wp-json\/wp\/v2\/categories?post=4985"},{"taxonomy":"post_tag","embeddable":true,"href":"https:\/\/wbv-avgm.ch\/fr\/wp-json\/wp\/v2\/tags?post=4985"}],"curies":[{"name":"wp","href":"https:\/\/api.w.org\/{rel}","templated":true}]}}