{"id":5572,"date":"2024-03-20T09:57:48","date_gmt":"2024-03-20T08:57:48","guid":{"rendered":"https:\/\/wbv-avgm.ch\/?p=5572"},"modified":"2024-03-20T10:08:22","modified_gmt":"2024-03-20T09:08:22","slug":"escalade-2023-2-2","status":"publish","type":"post","link":"https:\/\/wbv-avgm.ch\/fr\/escalade-2023-2-2\/","title":{"rendered":"Rando \u00e0 skis en altitude 2024"},"content":{"rendered":"\n<style type=\"text\/css\" data-created_by=\"avia_inline_auto\" id=\"style-css-av-7g8wmk-6a99b21d22f2abe8e5ceebcb5bd553e0\">\n.flex_column.av-7g8wmk-6a99b21d22f2abe8e5ceebcb5bd553e0{\nborder-radius:0px 0px 0px 0px;\npadding:0px 0px 0px 0px;\n}\n<\/style>\n<div  class='flex_column av-7g8wmk-6a99b21d22f2abe8e5ceebcb5bd553e0 av_two_third  avia-builder-el-0  el_before_av_one_third  avia-builder-el-first  first flex_column_div av-zero-column-padding  '     ><p>\n<style type=\"text\/css\" data-created_by=\"avia_inline_auto\" id=\"style-css-av-kliaj3oa-93ab9cb6e6f841ccd317c611adb8b1d1\">\n#top .av-special-heading.av-kliaj3oa-93ab9cb6e6f841ccd317c611adb8b1d1{\npadding-bottom:10px;\n}\nbody .av-special-heading.av-kliaj3oa-93ab9cb6e6f841ccd317c611adb8b1d1 .av-special-heading-tag .heading-char{\nfont-size:25px;\n}\n.av-special-heading.av-kliaj3oa-93ab9cb6e6f841ccd317c611adb8b1d1 .av-subheading{\nfont-size:15px;\n}\n<\/style>\n<div  class='av-special-heading av-kliaj3oa-93ab9cb6e6f841ccd317c611adb8b1d1 av-special-heading-h1 blockquote modern-quote  avia-builder-el-1  el_before_av_textblock  avia-builder-el-first '><h1 class='av-special-heading-tag '  itemprop=\"headline\"  >Randonn\u00e9e \u00e0 skis en altitude 2024 <\/h1><div class=\"special-heading-border\"><div class=\"special-heading-inner-border\"><\/div><\/div><\/div><br \/>\n<section  class='av_textblock_section av-ltzkumkr-3c202b6ebfcaed0b7233795cd7123410 '   itemscope=\"itemscope\" itemtype=\"https:\/\/schema.org\/BlogPosting\" itemprop=\"blogPost\" ><div class='avia_textblock'  itemprop=\"text\" ><p>corde courte, encordement glacier, pr\u00e9paration de la trace, rythme, coaching, communication et gestion du danger d\u2019avalanche. Le boulot de guide quoi\u2026<\/p>\n<\/div><\/section><br \/>\n<div id='av-masonry-1' class='av-masonry av-kli35mqn-971e307f284e80cb8e20d8a7cf00f3a3 noHover av-flex-size av-large-gap av-hover-overlay- av-masonry-animation-active av-masonry-col-3 av-caption-always av-caption-style- av-masonry-gallery av-medium-columns-overwrite av-medium-columns-3 av-small-columns-overwrite av-small-columns-2 av-mini-columns-overwrite av-mini-columns-1 ' data-post_id=\"5572\"><div class=\"av-masonry-container isotope av-js-disabled\"><div class='av-masonry-entry isotope-item av-masonry-item-no-image '><\/div><a href=\"https:\/\/wbv-avgm.ch\/wp-content\/uploads\/IMG_3402-1-773x1030.jpg\" data-srcset=\"https:\/\/wbv-avgm.ch\/wp-content\/uploads\/IMG_3402-1-773x1030.jpg 773w, https:\/\/wbv-avgm.ch\/wp-content\/uploads\/IMG_3402-1-225x300.jpg 225w, https:\/\/wbv-avgm.ch\/wp-content\/uploads\/IMG_3402-1-768x1024.jpg 768w, https:\/\/wbv-avgm.ch\/wp-content\/uploads\/IMG_3402-1-1152x1536.jpg 1152w, https:\/\/wbv-avgm.ch\/wp-content\/uploads\/IMG_3402-1-1536x2048.jpg 1536w, https:\/\/wbv-avgm.ch\/wp-content\/uploads\/IMG_3402-1-1125x1500.jpg 1125w, https:\/\/wbv-avgm.ch\/wp-content\/uploads\/IMG_3402-1-529x705.jpg 529w, https:\/\/wbv-avgm.ch\/wp-content\/uploads\/IMG_3402-1-scaled.jpg 1920w\" data-sizes=\"(max-width: 773px) 100vw, 773px\"  aria-label=\"image IMG_3402\"  id='av-masonry-1-item-5557' data-av-masonry-item='5557' class='av-masonry-entry isotope-item post-5557 attachment type-attachment status-inherit hentry  av-masonry-item-with-image' title=\"\" alt=\"\"    itemprop=\"thumbnailUrl\" ><div class='av-inner-masonry-sizer'><\/div><figure class='av-inner-masonry main_color'><div class=\"av-masonry-outerimage-container\"><div class='av-masonry-image-container'  ><img decoding=\"async\" width=\"529\" height=\"705\" fetchpriority=\"high\" class=\"wp-image-5557 avia-img-lazy-loading-not-5557\"  src=\"https:\/\/wbv-avgm.ch\/wp-content\/uploads\/IMG_3402-1-529x705.jpg\" title=\"\" alt=\"\" srcset=\"https:\/\/wbv-avgm.ch\/wp-content\/uploads\/IMG_3402-1-529x705.jpg 529w, https:\/\/wbv-avgm.ch\/wp-content\/uploads\/IMG_3402-1-225x300.jpg 225w, https:\/\/wbv-avgm.ch\/wp-content\/uploads\/IMG_3402-1-773x1030.jpg 773w, https:\/\/wbv-avgm.ch\/wp-content\/uploads\/IMG_3402-1-768x1024.jpg 768w, https:\/\/wbv-avgm.ch\/wp-content\/uploads\/IMG_3402-1-1152x1536.jpg 1152w, https:\/\/wbv-avgm.ch\/wp-content\/uploads\/IMG_3402-1-1536x2048.jpg 1536w, https:\/\/wbv-avgm.ch\/wp-content\/uploads\/IMG_3402-1-1125x1500.jpg 1125w, https:\/\/wbv-avgm.ch\/wp-content\/uploads\/IMG_3402-1-scaled.jpg 1920w\" sizes=\"(max-width: 529px) 100vw, 529px\" \/><\/div><\/div><\/figure><\/a><!--end av-masonry entry--><a href=\"https:\/\/wbv-avgm.ch\/wp-content\/uploads\/IMG_3400-1-773x1030.jpg\" data-srcset=\"https:\/\/wbv-avgm.ch\/wp-content\/uploads\/IMG_3400-1-773x1030.jpg 773w, https:\/\/wbv-avgm.ch\/wp-content\/uploads\/IMG_3400-1-225x300.jpg 225w, https:\/\/wbv-avgm.ch\/wp-content\/uploads\/IMG_3400-1-768x1024.jpg 768w, https:\/\/wbv-avgm.ch\/wp-content\/uploads\/IMG_3400-1-1152x1536.jpg 1152w, https:\/\/wbv-avgm.ch\/wp-content\/uploads\/IMG_3400-1-1536x2048.jpg 1536w, https:\/\/wbv-avgm.ch\/wp-content\/uploads\/IMG_3400-1-1125x1500.jpg 1125w, https:\/\/wbv-avgm.ch\/wp-content\/uploads\/IMG_3400-1-529x705.jpg 529w, https:\/\/wbv-avgm.ch\/wp-content\/uploads\/IMG_3400-1-scaled.jpg 1920w\" data-sizes=\"(max-width: 773px) 100vw, 773px\"  aria-label=\"image IMG_3400\"  id='av-masonry-1-item-5555' data-av-masonry-item='5555' class='av-masonry-entry isotope-item post-5555 attachment type-attachment status-inherit hentry  av-masonry-item-with-image' title=\"\" alt=\"\"    itemprop=\"thumbnailUrl\" ><div class='av-inner-masonry-sizer'><\/div><figure class='av-inner-masonry main_color'><div class=\"av-masonry-outerimage-container\"><div class='av-masonry-image-container'  ><img decoding=\"async\" width=\"529\" height=\"705\" fetchpriority=\"high\" class=\"wp-image-5555 avia-img-lazy-loading-not-5555\"  src=\"https:\/\/wbv-avgm.ch\/wp-content\/uploads\/IMG_3400-1-529x705.jpg\" title=\"\" alt=\"\" srcset=\"https:\/\/wbv-avgm.ch\/wp-content\/uploads\/IMG_3400-1-529x705.jpg 529w, https:\/\/wbv-avgm.ch\/wp-content\/uploads\/IMG_3400-1-225x300.jpg 225w, https:\/\/wbv-avgm.ch\/wp-content\/uploads\/IMG_3400-1-773x1030.jpg 773w, https:\/\/wbv-avgm.ch\/wp-content\/uploads\/IMG_3400-1-768x1024.jpg 768w, https:\/\/wbv-avgm.ch\/wp-content\/uploads\/IMG_3400-1-1152x1536.jpg 1152w, https:\/\/wbv-avgm.ch\/wp-content\/uploads\/IMG_3400-1-1536x2048.jpg 1536w, https:\/\/wbv-avgm.ch\/wp-content\/uploads\/IMG_3400-1-1125x1500.jpg 1125w, https:\/\/wbv-avgm.ch\/wp-content\/uploads\/IMG_3400-1-scaled.jpg 1920w\" sizes=\"(max-width: 529px) 100vw, 529px\" \/><\/div><\/div><\/figure><\/a><!--end av-masonry entry--><a href=\"https:\/\/wbv-avgm.ch\/wp-content\/uploads\/IMG_3382-1-773x1030.jpg\" data-srcset=\"https:\/\/wbv-avgm.ch\/wp-content\/uploads\/IMG_3382-1-773x1030.jpg 773w, https:\/\/wbv-avgm.ch\/wp-content\/uploads\/IMG_3382-1-225x300.jpg 225w, https:\/\/wbv-avgm.ch\/wp-content\/uploads\/IMG_3382-1-768x1024.jpg 768w, https:\/\/wbv-avgm.ch\/wp-content\/uploads\/IMG_3382-1-1152x1536.jpg 1152w, https:\/\/wbv-avgm.ch\/wp-content\/uploads\/IMG_3382-1-1536x2048.jpg 1536w, https:\/\/wbv-avgm.ch\/wp-content\/uploads\/IMG_3382-1-1125x1500.jpg 1125w, https:\/\/wbv-avgm.ch\/wp-content\/uploads\/IMG_3382-1-529x705.jpg 529w, https:\/\/wbv-avgm.ch\/wp-content\/uploads\/IMG_3382-1-scaled.jpg 1920w\" data-sizes=\"(max-width: 773px) 100vw, 773px\"  aria-label=\"image IMG_3382\"  id='av-masonry-1-item-5551' data-av-masonry-item='5551' class='av-masonry-entry isotope-item post-5551 attachment type-attachment status-inherit hentry  av-masonry-item-with-image' title=\"\" alt=\"\"    itemprop=\"thumbnailUrl\" ><div class='av-inner-masonry-sizer'><\/div><figure class='av-inner-masonry main_color'><div class=\"av-masonry-outerimage-container\"><div class='av-masonry-image-container'  ><img decoding=\"async\" width=\"529\" height=\"705\" fetchpriority=\"high\" class=\"wp-image-5551 avia-img-lazy-loading-not-5551\"  src=\"https:\/\/wbv-avgm.ch\/wp-content\/uploads\/IMG_3382-1-529x705.jpg\" title=\"\" alt=\"\" srcset=\"https:\/\/wbv-avgm.ch\/wp-content\/uploads\/IMG_3382-1-529x705.jpg 529w, https:\/\/wbv-avgm.ch\/wp-content\/uploads\/IMG_3382-1-225x300.jpg 225w, https:\/\/wbv-avgm.ch\/wp-content\/uploads\/IMG_3382-1-773x1030.jpg 773w, https:\/\/wbv-avgm.ch\/wp-content\/uploads\/IMG_3382-1-768x1024.jpg 768w, https:\/\/wbv-avgm.ch\/wp-content\/uploads\/IMG_3382-1-1152x1536.jpg 1152w, https:\/\/wbv-avgm.ch\/wp-content\/uploads\/IMG_3382-1-1536x2048.jpg 1536w, https:\/\/wbv-avgm.ch\/wp-content\/uploads\/IMG_3382-1-1125x1500.jpg 1125w, https:\/\/wbv-avgm.ch\/wp-content\/uploads\/IMG_3382-1-scaled.jpg 1920w\" sizes=\"(max-width: 529px) 100vw, 529px\" \/><\/div><\/div><\/figure><\/a><!--end av-masonry entry--><a href=\"https:\/\/wbv-avgm.ch\/wp-content\/uploads\/IMG_3375-1-773x1030.jpg\" data-srcset=\"https:\/\/wbv-avgm.ch\/wp-content\/uploads\/IMG_3375-1-773x1030.jpg 773w, https:\/\/wbv-avgm.ch\/wp-content\/uploads\/IMG_3375-1-225x300.jpg 225w, https:\/\/wbv-avgm.ch\/wp-content\/uploads\/IMG_3375-1-768x1024.jpg 768w, https:\/\/wbv-avgm.ch\/wp-content\/uploads\/IMG_3375-1-1152x1536.jpg 1152w, https:\/\/wbv-avgm.ch\/wp-content\/uploads\/IMG_3375-1-1536x2048.jpg 1536w, https:\/\/wbv-avgm.ch\/wp-content\/uploads\/IMG_3375-1-1125x1500.jpg 1125w, https:\/\/wbv-avgm.ch\/wp-content\/uploads\/IMG_3375-1-529x705.jpg 529w, https:\/\/wbv-avgm.ch\/wp-content\/uploads\/IMG_3375-1-scaled.jpg 1920w\" data-sizes=\"(max-width: 773px) 100vw, 773px\"  aria-label=\"image IMG_3375\"  id='av-masonry-1-item-5549' data-av-masonry-item='5549' class='av-masonry-entry isotope-item post-5549 attachment type-attachment status-inherit hentry  av-masonry-item-with-image' title=\"\" alt=\"\"    itemprop=\"thumbnailUrl\" ><div class='av-inner-masonry-sizer'><\/div><figure class='av-inner-masonry main_color'><div class=\"av-masonry-outerimage-container\"><div class='av-masonry-image-container'  ><img decoding=\"async\" width=\"529\" height=\"705\" fetchpriority=\"high\" class=\"wp-image-5549 avia-img-lazy-loading-not-5549\"  src=\"https:\/\/wbv-avgm.ch\/wp-content\/uploads\/IMG_3375-1-529x705.jpg\" title=\"\" alt=\"\" srcset=\"https:\/\/wbv-avgm.ch\/wp-content\/uploads\/IMG_3375-1-529x705.jpg 529w, https:\/\/wbv-avgm.ch\/wp-content\/uploads\/IMG_3375-1-225x300.jpg 225w, https:\/\/wbv-avgm.ch\/wp-content\/uploads\/IMG_3375-1-773x1030.jpg 773w, https:\/\/wbv-avgm.ch\/wp-content\/uploads\/IMG_3375-1-768x1024.jpg 768w, https:\/\/wbv-avgm.ch\/wp-content\/uploads\/IMG_3375-1-1152x1536.jpg 1152w, https:\/\/wbv-avgm.ch\/wp-content\/uploads\/IMG_3375-1-1536x2048.jpg 1536w, https:\/\/wbv-avgm.ch\/wp-content\/uploads\/IMG_3375-1-1125x1500.jpg 1125w, https:\/\/wbv-avgm.ch\/wp-content\/uploads\/IMG_3375-1-scaled.jpg 1920w\" sizes=\"(max-width: 529px) 100vw, 529px\" \/><\/div><\/div><\/figure><\/a><!--end av-masonry entry--><\/div><\/div><br \/>\n<div  class='avia-video av-ltzkzkg8-5b36dc69ec02e33a8af5a7985b8be3db avia-video-16-9 av-no-preview-image avia-video-load-always av-lazyload-immediate av-lazyload-video-embed'  itemprop=\"video\" itemtype=\"https:\/\/schema.org\/VideoObject\"  data-original_url='https:\/\/wbv-avgm.ch\/wp-content\/uploads\/IMG_3377-4.mov'><script type='text\/html' class='av-video-tmpl'><a href=\"https:\/\/wbv-avgm.ch\/wp-content\/uploads\/IMG_3377-4.mov\">https:\/\/wbv-avgm.ch\/wp-content\/uploads\/IMG_3377-4.mov<\/a><\/script><div class='av-click-to-play-overlay'><div class=\"avia_playpause_icon\"><\/div><\/div><\/div><br \/>\n\n<style type=\"text\/css\" data-created_by=\"avia_inline_auto\" id=\"style-css-av-kk5hjk7x-ac513e9fd0e72016c6664ede98fdfc38\">\n#top .hr.hr-invisible.av-kk5hjk7x-ac513e9fd0e72016c6664ede98fdfc38{\nheight:80px;\n}\n<\/style>\n<div  class='hr av-kk5hjk7x-ac513e9fd0e72016c6664ede98fdfc38 hr-invisible  avia-builder-el-5  el_after_av_video  el_before_av_social_share '><span class='hr-inner '><span class=\"hr-inner-style\"><\/span><\/span><\/div><br \/>\n<div  class='av-social-sharing-box av-kk5hkbuk-600405c2340f9a89e2da34f9308c08b3 av-social-sharing-box-minimal  avia-builder-el-6  el_after_av_hr  avia-builder-el-last  av-social-sharing-box-fullwidth'><div class=\"av-share-box\"><h5 class='av-share-link-description av-no-toc '>Eintrag teilen<\/h5><ul class=\"av-share-box-list noLightbox\"><li class='av-share-link av-social-link-facebook avia_social_iconfont' ><a target=\"_blank\" aria-label=\"Partager sur Facebook\" href='https:\/\/www.facebook.com\/sharer.php?u=https:\/\/wbv-avgm.ch\/fr\/escalade-2023-2-2\/&#038;t=Rando%20%C3%A0%20skis%20en%20altitude%202024' data-av_icon='\ue8f3' data-av_iconfont='entypo-fontello'  title='' data-avia-related-tooltip='Partager sur Facebook'><span class='avia_hidden_link_text'>Partager sur Facebook<\/span><\/a><\/li><li class='av-share-link av-social-link-twitter avia_social_iconfont' ><a target=\"_blank\" aria-label=\"Partager sur X\" href='https:\/\/twitter.com\/share?text=Rando%20%C3%A0%20skis%20en%20altitude%202024&#038;url=https:\/\/wbv-avgm.ch\/fr\/?p=5572' data-av_icon='\ue932' data-av_iconfont='entypo-fontello'  title='' data-avia-related-tooltip='Partager sur X'><span class='avia_hidden_link_text'>Partager sur X<\/span><\/a><\/li><li class='av-share-link av-social-link-whatsapp avia_social_iconfont' ><a target=\"_blank\" aria-label=\"Partager sur WhatsApp\" href='https:\/\/api.whatsapp.com\/send?text=https:\/\/wbv-avgm.ch\/fr\/escalade-2023-2-2\/' data-av_icon='\uf232' data-av_iconfont='entypo-fontello'  title='' data-avia-related-tooltip='Partager sur WhatsApp'><span class='avia_hidden_link_text'>Partager sur WhatsApp<\/span><\/a><\/li><li class='av-share-link av-social-link-mail avia_social_iconfont' ><a  aria-label=\"Partager par Mail\" href='mailto:?subject=Rando%20%C3%A0%20skis%20en%20altitude%202024&#038;body=https:\/\/wbv-avgm.ch\/fr\/escalade-2023-2-2\/' data-av_icon='\ue805' data-av_iconfont='entypo-fontello'  title='' data-avia-related-tooltip='Partager par Mail'><span class='avia_hidden_link_text'>Partager par Mail<\/span><\/a><\/li><\/ul><\/div><\/div><\/p><\/div>\n<style type=\"text\/css\" data-created_by=\"avia_inline_auto\" id=\"style-css-av-42vh8s-96534f90ac2bdeea627dd0674838184a\">\n.flex_column.av-42vh8s-96534f90ac2bdeea627dd0674838184a{\nborder-radius:0px 0px 0px 0px;\npadding:0px 0px 0px 0px;\n}\n<\/style>\n<div  class='flex_column av-42vh8s-96534f90ac2bdeea627dd0674838184a av_one_third  avia-builder-el-7  el_after_av_two_third  el_before_av_textblock  flex_column_div av-zero-column-padding  '     ><div  class='avia-builder-widget-area clearfix  avia-builder-el-8  avia-builder-el-no-sibling '><div id=\"newsbox-3\" class=\"widget clearfix avia-widget-container newsbox\"><h3 class=\"widgettitle\">WBV Aktuell<\/h3><ul class=\"news-wrap image_size_widget\"><li class=\"news-content post-format-standard\"><div class=\"news-link\"><a class='news-thumb ' title=\"Lire : Fete des guides 2026\" href=\"https:\/\/wbv-avgm.ch\/fr\/fete-des-guides-2026\/\"><img decoding=\"async\" loading=\"lazy\" width=\"36\" height=\"36\" src=\"https:\/\/wbv-avgm.ch\/wp-content\/uploads\/Unknown-36x36.png\" class=\"wp-image-5910 avia-img-lazy-loading-5910 attachment-widget size-widget wp-post-image\" alt=\"\" srcset=\"https:\/\/wbv-avgm.ch\/wp-content\/uploads\/Unknown-36x36.png 36w, https:\/\/wbv-avgm.ch\/wp-content\/uploads\/Unknown-80x80.png 80w, https:\/\/wbv-avgm.ch\/wp-content\/uploads\/Unknown-180x180.png 180w\" sizes=\"auto, (max-width: 36px) 100vw, 36px\" \/><\/a><div class=\"news-headline\"><a class='news-title' title=\"Lire : Fete des guides 2026\" href=\"https:\/\/wbv-avgm.ch\/fr\/fete-des-guides-2026\/\">Fete des guides 2026<\/a><span class=\"news-time\">24 avril 2026 - 13h08<\/span><\/div><\/div><\/li><li class=\"news-content post-format-standard\"><div class=\"news-link\"><a class='news-thumb ' title=\"Lire : F\u00eate des guides 2025\" href=\"https:\/\/wbv-avgm.ch\/fr\/fete-des-guides-2024-2\/\"><img decoding=\"async\" loading=\"lazy\" width=\"36\" height=\"36\" src=\"https:\/\/wbv-avgm.ch\/wp-content\/uploads\/GUIDES_AFFICHE-36x36.jpg\" class=\"wp-image-5795 avia-img-lazy-loading-5795 attachment-widget size-widget wp-post-image\" alt=\"\" srcset=\"https:\/\/wbv-avgm.ch\/wp-content\/uploads\/GUIDES_AFFICHE-36x36.jpg 36w, https:\/\/wbv-avgm.ch\/wp-content\/uploads\/GUIDES_AFFICHE-80x80.jpg 80w, https:\/\/wbv-avgm.ch\/wp-content\/uploads\/GUIDES_AFFICHE-180x180.jpg 180w\" sizes=\"auto, (max-width: 36px) 100vw, 36px\" \/><\/a><div class=\"news-headline\"><a class='news-title' title=\"Lire : F\u00eate des guides 2025\" href=\"https:\/\/wbv-avgm.ch\/fr\/fete-des-guides-2024-2\/\">F\u00eate des guides 2025<\/a><span class=\"news-time\">25 f\u00e9vrier 2025 - 7h47<\/span><\/div><\/div><\/li><li class=\"news-content post-format-standard\"><div class=\"news-link\"><a class='news-thumb ' title=\"Lire : F\u00eate des guides 2024\" href=\"https:\/\/wbv-avgm.ch\/fr\/fete-des-guides-2024\/\"><img decoding=\"async\" loading=\"lazy\" width=\"36\" height=\"36\" src=\"https:\/\/wbv-avgm.ch\/wp-content\/uploads\/logo-bergfuehrerfest-2024-36x36.png\" class=\"wp-image-5602 avia-img-lazy-loading-5602 attachment-widget size-widget wp-post-image\" alt=\"\" srcset=\"https:\/\/wbv-avgm.ch\/wp-content\/uploads\/logo-bergfuehrerfest-2024-36x36.png 36w, https:\/\/wbv-avgm.ch\/wp-content\/uploads\/logo-bergfuehrerfest-2024-80x80.png 80w, https:\/\/wbv-avgm.ch\/wp-content\/uploads\/logo-bergfuehrerfest-2024-180x180.png 180w\" sizes=\"auto, (max-width: 36px) 100vw, 36px\" \/><\/a><div class=\"news-headline\"><a class='news-title' title=\"Lire : F\u00eate des guides 2024\" href=\"https:\/\/wbv-avgm.ch\/fr\/fete-des-guides-2024\/\">F\u00eate des guides 2024<\/a><span class=\"news-time\">20 mars 2024 - 10h20<\/span><\/div><\/div><\/li><li class=\"news-content post-format-standard\"><div class=\"news-link\"><a class='news-thumb ' title=\"Lire : F\u00eate des guides 2023\" href=\"https:\/\/wbv-avgm.ch\/fr\/fete-des-guides-2023\/\"><img decoding=\"async\" loading=\"lazy\" width=\"36\" height=\"36\" src=\"https:\/\/wbv-avgm.ch\/wp-content\/uploads\/FDG-36x36.jpg\" class=\"wp-image-4827 avia-img-lazy-loading-4827 attachment-widget size-widget wp-post-image\" alt=\"\" srcset=\"https:\/\/wbv-avgm.ch\/wp-content\/uploads\/FDG-36x36.jpg 36w, https:\/\/wbv-avgm.ch\/wp-content\/uploads\/FDG-80x80.jpg 80w, https:\/\/wbv-avgm.ch\/wp-content\/uploads\/FDG-180x180.jpg 180w\" sizes=\"auto, (max-width: 36px) 100vw, 36px\" \/><\/a><div class=\"news-headline\"><a class='news-title' title=\"Lire : F\u00eate des guides 2023\" href=\"https:\/\/wbv-avgm.ch\/fr\/fete-des-guides-2023\/\">F\u00eate des guides 2023<\/a><span class=\"news-time\">4 d\u00e9cembre 2022 - 11h38<\/span><\/div><\/div><\/li><li class=\"news-content post-format-standard\"><div class=\"news-link\"><a class='news-thumb ' title=\"Lire : Nouveau pr\u00e9sident de l&rsquo;AVGM\" href=\"https:\/\/wbv-avgm.ch\/fr\/president_avgm\/\"><img decoding=\"async\" loading=\"lazy\" width=\"36\" height=\"36\" src=\"https:\/\/wbv-avgm.ch\/wp-content\/uploads\/roman_haltinner_vor_matterhorn-36x36.png\" class=\"wp-image-1892 avia-img-lazy-loading-1892 attachment-widget size-widget wp-post-image\" alt=\"Roman Haltinner, Matterhorn\" srcset=\"https:\/\/wbv-avgm.ch\/wp-content\/uploads\/roman_haltinner_vor_matterhorn-36x36.png 36w, https:\/\/wbv-avgm.ch\/wp-content\/uploads\/roman_haltinner_vor_matterhorn-80x80.png 80w, https:\/\/wbv-avgm.ch\/wp-content\/uploads\/roman_haltinner_vor_matterhorn-180x180.png 180w\" sizes=\"auto, (max-width: 36px) 100vw, 36px\" \/><\/a><div class=\"news-headline\"><a class='news-title' title=\"Lire : Nouveau pr\u00e9sident de l&rsquo;AVGM\" href=\"https:\/\/wbv-avgm.ch\/fr\/president_avgm\/\">Nouveau pr\u00e9sident de l&rsquo;AVGM<\/a><span class=\"news-time\">31 janvier 2022 - 9h07<\/span><\/div><\/div><\/li><li class=\"news-content post-format-standard\"><div class=\"news-link\"><a class='news-thumb ' title=\"Lire : Infos Covid 19\" href=\"https:\/\/wbv-avgm.ch\/fr\/covid-19\/\"><img decoding=\"async\" loading=\"lazy\" width=\"36\" height=\"36\" src=\"https:\/\/wbv-avgm.ch\/wp-content\/uploads\/Corona_infos-36x36.jpg\" class=\"wp-image-3164 avia-img-lazy-loading-3164 attachment-widget size-widget wp-post-image\" alt=\"\" srcset=\"https:\/\/wbv-avgm.ch\/wp-content\/uploads\/Corona_infos-36x36.jpg 36w, https:\/\/wbv-avgm.ch\/wp-content\/uploads\/Corona_infos-80x80.jpg 80w, https:\/\/wbv-avgm.ch\/wp-content\/uploads\/Corona_infos-180x180.jpg 180w\" sizes=\"auto, (max-width: 36px) 100vw, 36px\" \/><small class='avia-copyright'>Covid 19 ( google)<\/small><\/a><div class=\"news-headline\"><a class='news-title' title=\"Lire : Infos Covid 19\" href=\"https:\/\/wbv-avgm.ch\/fr\/covid-19\/\">Infos Covid 19<\/a><span class=\"news-time\">27 f\u00e9vrier 2021 - 15h37<\/span><\/div><\/div><\/li><li class=\"news-content post-format-standard\"><div class=\"news-link\"><a class='news-thumb ' title=\"Lire : Willkommen auf der neuen Website des WBV\" href=\"https:\/\/wbv-avgm.ch\/fr\/willkommen-auf-der-neuen-website-des-wbv\/\"><img decoding=\"async\" loading=\"lazy\" width=\"36\" height=\"36\" src=\"https:\/\/wbv-avgm.ch\/wp-content\/uploads\/00-neue-website-online-36x36.jpg\" class=\"wp-image-2085 avia-img-lazy-loading-2085 attachment-widget size-widget wp-post-image\" alt=\"\" srcset=\"https:\/\/wbv-avgm.ch\/wp-content\/uploads\/00-neue-website-online-36x36.jpg 36w, https:\/\/wbv-avgm.ch\/wp-content\/uploads\/00-neue-website-online-80x80.jpg 80w, https:\/\/wbv-avgm.ch\/wp-content\/uploads\/00-neue-website-online-180x180.jpg 180w\" sizes=\"auto, (max-width: 36px) 100vw, 36px\" \/><\/a><div class=\"news-headline\"><a class='news-title' title=\"Lire : Willkommen auf der neuen Website des WBV\" href=\"https:\/\/wbv-avgm.ch\/fr\/willkommen-auf-der-neuen-website-des-wbv\/\">Willkommen auf der neuen Website des WBV<\/a><span class=\"news-time\">25 janvier 2021 - 15h16<\/span><\/div><\/div><\/li><\/ul><\/div><div id=\"newsbox-5\" class=\"widget clearfix avia-widget-container newsbox\"><h3 class=\"widgettitle\">Nachwuchsgruppe<\/h3><ul class=\"news-wrap image_size_widget\"><li class=\"news-content post-format-standard\"><div class=\"news-link\"><a class='news-thumb ' title=\"Lire : Rando \u00e0 skis en altitude 2024\" href=\"https:\/\/wbv-avgm.ch\/fr\/escalade-2023-2-2\/\"><img decoding=\"async\" fetchpriority=\"high\" width=\"36\" height=\"36\" src=\"https:\/\/wbv-avgm.ch\/wp-content\/uploads\/IMG_3382-1-36x36.jpg\" class=\"wp-image-5551 avia-img-lazy-loading-not-5551 attachment-widget size-widget wp-post-image\" alt=\"\" srcset=\"https:\/\/wbv-avgm.ch\/wp-content\/uploads\/IMG_3382-1-36x36.jpg 36w, https:\/\/wbv-avgm.ch\/wp-content\/uploads\/IMG_3382-1-80x80.jpg 80w, https:\/\/wbv-avgm.ch\/wp-content\/uploads\/IMG_3382-1-180x180.jpg 180w\" sizes=\"(max-width: 36px) 100vw, 36px\" \/><\/a><div class=\"news-headline\"><a class='news-title' title=\"Lire : Rando \u00e0 skis en altitude 2024\" href=\"https:\/\/wbv-avgm.ch\/fr\/escalade-2023-2-2\/\">Rando \u00e0 skis en altitude 2024<\/a><span class=\"news-time\">20 mars 2024 - 9h57<\/span><\/div><\/div><\/li><li class=\"news-content post-format-standard\"><div class=\"news-link\"><a class='news-thumb ' title=\"Lire : Rando \u00e0 skis 2024\" href=\"https:\/\/wbv-avgm.ch\/fr\/escalade-2023-2\/\"><img decoding=\"async\" loading=\"lazy\" width=\"36\" height=\"36\" src=\"https:\/\/wbv-avgm.ch\/wp-content\/uploads\/IMG_1659-36x36.jpg\" class=\"wp-image-5484 avia-img-lazy-loading-5484 attachment-widget size-widget wp-post-image\" alt=\"\" srcset=\"https:\/\/wbv-avgm.ch\/wp-content\/uploads\/IMG_1659-36x36.jpg 36w, https:\/\/wbv-avgm.ch\/wp-content\/uploads\/IMG_1659-80x80.jpg 80w, https:\/\/wbv-avgm.ch\/wp-content\/uploads\/IMG_1659-180x180.jpg 180w\" sizes=\"auto, (max-width: 36px) 100vw, 36px\" \/><\/a><div class=\"news-headline\"><a class='news-title' title=\"Lire : Rando \u00e0 skis 2024\" href=\"https:\/\/wbv-avgm.ch\/fr\/escalade-2023-2\/\">Rando \u00e0 skis 2024<\/a><span class=\"news-time\">21 f\u00e9vrier 2024 - 10h14<\/span><\/div><\/div><\/li><li class=\"news-content post-format-standard\"><div class=\"news-link\"><a class='news-thumb ' title=\"Lire : escalade 2023\" href=\"https:\/\/wbv-avgm.ch\/fr\/escalade-2023\/\"><img decoding=\"async\" loading=\"lazy\" width=\"36\" height=\"36\" src=\"https:\/\/wbv-avgm.ch\/wp-content\/uploads\/image1-3-36x36.jpeg\" class=\"wp-image-5296 avia-img-lazy-loading-5296 attachment-widget size-widget wp-post-image\" alt=\"\" srcset=\"https:\/\/wbv-avgm.ch\/wp-content\/uploads\/image1-3-36x36.jpeg 36w, https:\/\/wbv-avgm.ch\/wp-content\/uploads\/image1-3-80x80.jpeg 80w, https:\/\/wbv-avgm.ch\/wp-content\/uploads\/image1-3-180x180.jpeg 180w\" sizes=\"auto, (max-width: 36px) 100vw, 36px\" \/><\/a><div class=\"news-headline\"><a class='news-title' title=\"Lire : escalade 2023\" href=\"https:\/\/wbv-avgm.ch\/fr\/escalade-2023\/\">escalade 2023<\/a><span class=\"news-time\">19 septembre 2023 - 14h15<\/span><\/div><\/div><\/li><li class=\"news-content post-format-standard\"><div class=\"news-link\"><a class='news-thumb ' title=\"Lire : weekend ski de rando 2023\" href=\"https:\/\/wbv-avgm.ch\/fr\/weekend-ski-de-rando-2023\/\"><img decoding=\"async\" loading=\"lazy\" width=\"36\" height=\"36\" src=\"https:\/\/wbv-avgm.ch\/wp-content\/uploads\/image0-36x36.jpeg\" class=\"wp-image-4934 avia-img-lazy-loading-4934 attachment-widget size-widget wp-post-image\" alt=\"\" srcset=\"https:\/\/wbv-avgm.ch\/wp-content\/uploads\/image0-36x36.jpeg 36w, https:\/\/wbv-avgm.ch\/wp-content\/uploads\/image0-80x80.jpeg 80w, https:\/\/wbv-avgm.ch\/wp-content\/uploads\/image0-180x180.jpeg 180w\" sizes=\"auto, (max-width: 36px) 100vw, 36px\" \/><\/a><div class=\"news-headline\"><a class='news-title' title=\"Lire : weekend ski de rando 2023\" href=\"https:\/\/wbv-avgm.ch\/fr\/weekend-ski-de-rando-2023\/\">weekend ski de rando 2023<\/a><span class=\"news-time\">24 mars 2023 - 13h11<\/span><\/div><\/div><\/li><li class=\"news-content post-format-standard\"><div class=\"news-link\"><a class='news-thumb ' title=\"Lire : Ecrins 2022\" href=\"https:\/\/wbv-avgm.ch\/fr\/ecrins-2022-2\/\"><img decoding=\"async\" loading=\"lazy\" width=\"36\" height=\"36\" src=\"https:\/\/wbv-avgm.ch\/wp-content\/uploads\/IMG_2584-1-36x36.jpeg\" class=\"wp-image-4400 avia-img-lazy-loading-4400 attachment-widget size-widget wp-post-image\" alt=\"\" srcset=\"https:\/\/wbv-avgm.ch\/wp-content\/uploads\/IMG_2584-1-36x36.jpeg 36w, https:\/\/wbv-avgm.ch\/wp-content\/uploads\/IMG_2584-1-80x80.jpeg 80w, https:\/\/wbv-avgm.ch\/wp-content\/uploads\/IMG_2584-1-180x180.jpeg 180w\" sizes=\"auto, (max-width: 36px) 100vw, 36px\" \/><\/a><div class=\"news-headline\"><a class='news-title' title=\"Lire : Ecrins 2022\" href=\"https:\/\/wbv-avgm.ch\/fr\/ecrins-2022-2\/\">Ecrins 2022<\/a><span class=\"news-time\">26 ao\u00fbt 2022 - 11h12<\/span><\/div><\/div><\/li><li class=\"news-content post-format-standard\"><div class=\"news-link\"><a class='news-thumb ' title=\"Lire : Week-end rando \u00e0 ski 2022\" href=\"https:\/\/wbv-avgm.ch\/fr\/week-end-rando-a-ski-2022\/\"><img decoding=\"async\" loading=\"lazy\" width=\"36\" height=\"36\" src=\"https:\/\/wbv-avgm.ch\/wp-content\/uploads\/IMG_3307-36x36.jpeg\" class=\"wp-image-4302 avia-img-lazy-loading-4302 attachment-widget size-widget wp-post-image\" alt=\"\" srcset=\"https:\/\/wbv-avgm.ch\/wp-content\/uploads\/IMG_3307-36x36.jpeg 36w, https:\/\/wbv-avgm.ch\/wp-content\/uploads\/IMG_3307-80x80.jpeg 80w, https:\/\/wbv-avgm.ch\/wp-content\/uploads\/IMG_3307-180x180.jpeg 180w\" sizes=\"auto, (max-width: 36px) 100vw, 36px\" \/><\/a><div class=\"news-headline\"><a class='news-title' title=\"Lire : Week-end rando \u00e0 ski 2022\" href=\"https:\/\/wbv-avgm.ch\/fr\/week-end-rando-a-ski-2022\/\">Week-end rando \u00e0 ski 2022<\/a><span class=\"news-time\">3 avril 2022 - 22h21<\/span><\/div><\/div><\/li><li class=\"news-content post-format-standard\"><div class=\"news-link\"><a class='news-thumb ' title=\"Lire : Skitouren 2022\" href=\"https:\/\/wbv-avgm.ch\/fr\/skitouren-2022\/\"><img decoding=\"async\" loading=\"lazy\" width=\"36\" height=\"36\" src=\"https:\/\/wbv-avgm.ch\/wp-content\/uploads\/IMG_3307-36x36.jpeg\" class=\"wp-image-4302 avia-img-lazy-loading-4302 attachment-widget size-widget wp-post-image\" alt=\"\" srcset=\"https:\/\/wbv-avgm.ch\/wp-content\/uploads\/IMG_3307-36x36.jpeg 36w, https:\/\/wbv-avgm.ch\/wp-content\/uploads\/IMG_3307-80x80.jpeg 80w, https:\/\/wbv-avgm.ch\/wp-content\/uploads\/IMG_3307-180x180.jpeg 180w\" sizes=\"auto, (max-width: 36px) 100vw, 36px\" \/><\/a><div class=\"news-headline\"><a class='news-title' title=\"Lire : Skitouren 2022\" href=\"https:\/\/wbv-avgm.ch\/fr\/skitouren-2022\/\">Skitouren 2022<\/a><span class=\"news-time\">3 avril 2022 - 22h16<\/span><\/div><\/div><\/li><\/ul><\/div><\/div><\/div><\/p>\n<section  class='av_textblock_section av-340tro-08929fed22044e8c07dc76aa41ad9d83 '   itemscope=\"itemscope\" itemtype=\"https:\/\/schema.org\/BlogPosting\" itemprop=\"blogPost\" ><div class='avia_textblock'  itemprop=\"text\" ><p>Cliquer ici pour ajouter votre propre texte<\/p>\n<\/div><\/section>\n","protected":false},"excerpt":{"rendered":"","protected":false},"author":1771,"featured_media":5551,"comment_status":"closed","ping_status":"closed","sticky":false,"template":"","format":"standard","meta":{"footnotes":"","_links_to":"","_links_to_target":""},"categories":[19],"tags":[],"class_list":["post-5572","post","type-post","status-publish","format-standard","has-post-thumbnail","hentry","category-groupe-espoir"],"yoast_head":"<!-- This site is optimized with the Yoast SEO plugin v27.5 - https:\/\/yoast.com\/product\/yoast-seo-wordpress\/ -->\n<title>Rando \u00e0 skis en altitude 2024 - Walliser Bergf\u00fchrerverband<\/title>\n<meta name=\"robots\" content=\"index, follow, max-snippet:-1, max-image-preview:large, max-video-preview:-1\" \/>\n<link rel=\"canonical\" href=\"https:\/\/wbv-avgm.ch\/fr\/escalade-2023-2-2\/\" \/>\n<meta property=\"og:locale\" content=\"fr_FR\" \/>\n<meta property=\"og:type\" content=\"article\" \/>\n<meta property=\"og:title\" content=\"Rando \u00e0 skis en altitude 2024 - Walliser Bergf\u00fchrerverband\" \/>\n<meta property=\"og:url\" content=\"https:\/\/wbv-avgm.ch\/fr\/escalade-2023-2-2\/\" \/>\n<meta property=\"og:site_name\" content=\"Walliser Bergf\u00fchrerverband\" \/>\n<meta property=\"article:published_time\" content=\"2024-03-20T08:57:48+00:00\" \/>\n<meta property=\"article:modified_time\" content=\"2024-03-20T09:08:22+00:00\" \/>\n<meta property=\"og:image\" content=\"https:\/\/wbv-avgm.ch\/wp-content\/uploads\/IMG_3382-1-773x1030.jpg\" \/>\n\t<meta property=\"og:image:width\" content=\"773\" \/>\n\t<meta property=\"og:image:height\" content=\"1030\" \/>\n\t<meta property=\"og:image:type\" content=\"image\/jpeg\" \/>\n<meta name=\"author\" content=\"Lionel Corboz\" \/>\n<meta name=\"twitter:card\" content=\"summary_large_image\" \/>\n<meta name=\"twitter:label1\" content=\"\u00c9crit par\" \/>\n\t<meta name=\"twitter:data1\" content=\"Lionel Corboz\" \/>\n\t<meta name=\"twitter:label2\" content=\"Dur\u00e9e de lecture estim\u00e9e\" \/>\n\t<meta name=\"twitter:data2\" content=\"5 minutes\" \/>\n<script type=\"application\/ld+json\" class=\"yoast-schema-graph\">{\"@context\":\"https:\\\/\\\/schema.org\",\"@graph\":[{\"@type\":\"Article\",\"@id\":\"https:\\\/\\\/wbv-avgm.ch\\\/fr\\\/escalade-2023-2-2\\\/#article\",\"isPartOf\":{\"@id\":\"https:\\\/\\\/wbv-avgm.ch\\\/fr\\\/escalade-2023-2-2\\\/\"},\"author\":{\"name\":\"Lionel Corboz\",\"@id\":\"https:\\\/\\\/wbv-avgm.ch\\\/fr\\\/#\\\/schema\\\/person\\\/fcb5a40d9e792b25a9c042538983ba43\"},\"headline\":\"Rando \u00e0 skis en altitude 2024\",\"datePublished\":\"2024-03-20T08:57:48+00:00\",\"dateModified\":\"2024-03-20T09:08:22+00:00\",\"mainEntityOfPage\":{\"@id\":\"https:\\\/\\\/wbv-avgm.ch\\\/fr\\\/escalade-2023-2-2\\\/\"},\"wordCount\":745,\"publisher\":{\"@id\":\"https:\\\/\\\/wbv-avgm.ch\\\/fr\\\/#organization\"},\"image\":{\"@id\":\"https:\\\/\\\/wbv-avgm.ch\\\/fr\\\/escalade-2023-2-2\\\/#primaryimage\"},\"thumbnailUrl\":\"https:\\\/\\\/wbv-avgm.ch\\\/wp-content\\\/uploads\\\/IMG_3382-1-scaled.jpg\",\"articleSection\":[\"Groupe espoir\"],\"inLanguage\":\"fr-FR\"},{\"@type\":\"WebPage\",\"@id\":\"https:\\\/\\\/wbv-avgm.ch\\\/fr\\\/escalade-2023-2-2\\\/\",\"url\":\"https:\\\/\\\/wbv-avgm.ch\\\/fr\\\/escalade-2023-2-2\\\/\",\"name\":\"Rando \u00e0 skis en altitude 2024 - Walliser Bergf\u00fchrerverband\",\"isPartOf\":{\"@id\":\"https:\\\/\\\/wbv-avgm.ch\\\/fr\\\/#website\"},\"primaryImageOfPage\":{\"@id\":\"https:\\\/\\\/wbv-avgm.ch\\\/fr\\\/escalade-2023-2-2\\\/#primaryimage\"},\"image\":{\"@id\":\"https:\\\/\\\/wbv-avgm.ch\\\/fr\\\/escalade-2023-2-2\\\/#primaryimage\"},\"thumbnailUrl\":\"https:\\\/\\\/wbv-avgm.ch\\\/wp-content\\\/uploads\\\/IMG_3382-1-scaled.jpg\",\"datePublished\":\"2024-03-20T08:57:48+00:00\",\"dateModified\":\"2024-03-20T09:08:22+00:00\",\"breadcrumb\":{\"@id\":\"https:\\\/\\\/wbv-avgm.ch\\\/fr\\\/escalade-2023-2-2\\\/#breadcrumb\"},\"inLanguage\":\"fr-FR\",\"potentialAction\":[{\"@type\":\"ReadAction\",\"target\":[\"https:\\\/\\\/wbv-avgm.ch\\\/fr\\\/escalade-2023-2-2\\\/\"]}]},{\"@type\":\"ImageObject\",\"inLanguage\":\"fr-FR\",\"@id\":\"https:\\\/\\\/wbv-avgm.ch\\\/fr\\\/escalade-2023-2-2\\\/#primaryimage\",\"url\":\"https:\\\/\\\/wbv-avgm.ch\\\/wp-content\\\/uploads\\\/IMG_3382-1-scaled.jpg\",\"contentUrl\":\"https:\\\/\\\/wbv-avgm.ch\\\/wp-content\\\/uploads\\\/IMG_3382-1-scaled.jpg\",\"width\":1920,\"height\":2560},{\"@type\":\"BreadcrumbList\",\"@id\":\"https:\\\/\\\/wbv-avgm.ch\\\/fr\\\/escalade-2023-2-2\\\/#breadcrumb\",\"itemListElement\":[{\"@type\":\"ListItem\",\"position\":1,\"name\":\"Startseite\",\"item\":\"https:\\\/\\\/wbv-avgm.ch\\\/fr\\\/\"},{\"@type\":\"ListItem\",\"position\":2,\"name\":\"Rando \u00e0 skis en altitude 2024\"}]},{\"@type\":\"WebSite\",\"@id\":\"https:\\\/\\\/wbv-avgm.ch\\\/fr\\\/#website\",\"url\":\"https:\\\/\\\/wbv-avgm.ch\\\/fr\\\/\",\"name\":\"Walliser Bergf\u00fchrerverband\",\"description\":\"Bergf\u00fchrer Wallis Schweiz\",\"publisher\":{\"@id\":\"https:\\\/\\\/wbv-avgm.ch\\\/fr\\\/#organization\"},\"potentialAction\":[{\"@type\":\"SearchAction\",\"target\":{\"@type\":\"EntryPoint\",\"urlTemplate\":\"https:\\\/\\\/wbv-avgm.ch\\\/fr\\\/?s={search_term_string}\"},\"query-input\":{\"@type\":\"PropertyValueSpecification\",\"valueRequired\":true,\"valueName\":\"search_term_string\"}}],\"inLanguage\":\"fr-FR\"},{\"@type\":\"Organization\",\"@id\":\"https:\\\/\\\/wbv-avgm.ch\\\/fr\\\/#organization\",\"name\":\"Walliser Bergf\u00fchrerverband\",\"url\":\"https:\\\/\\\/wbv-avgm.ch\\\/fr\\\/\",\"logo\":{\"@type\":\"ImageObject\",\"inLanguage\":\"fr-FR\",\"@id\":\"https:\\\/\\\/wbv-avgm.ch\\\/fr\\\/#\\\/schema\\\/logo\\\/image\\\/\",\"url\":\"https:\\\/\\\/wbv-avgm.ch\\\/wp-content\\\/uploads\\\/logo-wbv-avgm-rot-mit-initialen.svg\",\"contentUrl\":\"https:\\\/\\\/wbv-avgm.ch\\\/wp-content\\\/uploads\\\/logo-wbv-avgm-rot-mit-initialen.svg\",\"width\":290,\"height\":289,\"caption\":\"Walliser Bergf\u00fchrerverband\"},\"image\":{\"@id\":\"https:\\\/\\\/wbv-avgm.ch\\\/fr\\\/#\\\/schema\\\/logo\\\/image\\\/\"}},{\"@type\":\"Person\",\"@id\":\"https:\\\/\\\/wbv-avgm.ch\\\/fr\\\/#\\\/schema\\\/person\\\/fcb5a40d9e792b25a9c042538983ba43\",\"name\":\"Lionel Corboz\"}]}<\/script>\n<!-- \/ Yoast SEO plugin. -->","yoast_head_json":{"title":"Rando \u00e0 skis en altitude 2024 - Walliser Bergf\u00fchrerverband","robots":{"index":"index","follow":"follow","max-snippet":"max-snippet:-1","max-image-preview":"max-image-preview:large","max-video-preview":"max-video-preview:-1"},"canonical":"https:\/\/wbv-avgm.ch\/fr\/escalade-2023-2-2\/","og_locale":"fr_FR","og_type":"article","og_title":"Rando \u00e0 skis en altitude 2024 - Walliser Bergf\u00fchrerverband","og_url":"https:\/\/wbv-avgm.ch\/fr\/escalade-2023-2-2\/","og_site_name":"Walliser Bergf\u00fchrerverband","article_published_time":"2024-03-20T08:57:48+00:00","article_modified_time":"2024-03-20T09:08:22+00:00","og_image":[{"width":773,"height":1030,"url":"https:\/\/wbv-avgm.ch\/wp-content\/uploads\/IMG_3382-1-773x1030.jpg","type":"image\/jpeg"}],"author":"Lionel Corboz","twitter_card":"summary_large_image","twitter_misc":{"\u00c9crit par":"Lionel Corboz","Dur\u00e9e de lecture estim\u00e9e":"5 minutes"},"schema":{"@context":"https:\/\/schema.org","@graph":[{"@type":"Article","@id":"https:\/\/wbv-avgm.ch\/fr\/escalade-2023-2-2\/#article","isPartOf":{"@id":"https:\/\/wbv-avgm.ch\/fr\/escalade-2023-2-2\/"},"author":{"name":"Lionel Corboz","@id":"https:\/\/wbv-avgm.ch\/fr\/#\/schema\/person\/fcb5a40d9e792b25a9c042538983ba43"},"headline":"Rando \u00e0 skis en altitude 2024","datePublished":"2024-03-20T08:57:48+00:00","dateModified":"2024-03-20T09:08:22+00:00","mainEntityOfPage":{"@id":"https:\/\/wbv-avgm.ch\/fr\/escalade-2023-2-2\/"},"wordCount":745,"publisher":{"@id":"https:\/\/wbv-avgm.ch\/fr\/#organization"},"image":{"@id":"https:\/\/wbv-avgm.ch\/fr\/escalade-2023-2-2\/#primaryimage"},"thumbnailUrl":"https:\/\/wbv-avgm.ch\/wp-content\/uploads\/IMG_3382-1-scaled.jpg","articleSection":["Groupe espoir"],"inLanguage":"fr-FR"},{"@type":"WebPage","@id":"https:\/\/wbv-avgm.ch\/fr\/escalade-2023-2-2\/","url":"https:\/\/wbv-avgm.ch\/fr\/escalade-2023-2-2\/","name":"Rando \u00e0 skis en altitude 2024 - Walliser Bergf\u00fchrerverband","isPartOf":{"@id":"https:\/\/wbv-avgm.ch\/fr\/#website"},"primaryImageOfPage":{"@id":"https:\/\/wbv-avgm.ch\/fr\/escalade-2023-2-2\/#primaryimage"},"image":{"@id":"https:\/\/wbv-avgm.ch\/fr\/escalade-2023-2-2\/#primaryimage"},"thumbnailUrl":"https:\/\/wbv-avgm.ch\/wp-content\/uploads\/IMG_3382-1-scaled.jpg","datePublished":"2024-03-20T08:57:48+00:00","dateModified":"2024-03-20T09:08:22+00:00","breadcrumb":{"@id":"https:\/\/wbv-avgm.ch\/fr\/escalade-2023-2-2\/#breadcrumb"},"inLanguage":"fr-FR","potentialAction":[{"@type":"ReadAction","target":["https:\/\/wbv-avgm.ch\/fr\/escalade-2023-2-2\/"]}]},{"@type":"ImageObject","inLanguage":"fr-FR","@id":"https:\/\/wbv-avgm.ch\/fr\/escalade-2023-2-2\/#primaryimage","url":"https:\/\/wbv-avgm.ch\/wp-content\/uploads\/IMG_3382-1-scaled.jpg","contentUrl":"https:\/\/wbv-avgm.ch\/wp-content\/uploads\/IMG_3382-1-scaled.jpg","width":1920,"height":2560},{"@type":"BreadcrumbList","@id":"https:\/\/wbv-avgm.ch\/fr\/escalade-2023-2-2\/#breadcrumb","itemListElement":[{"@type":"ListItem","position":1,"name":"Startseite","item":"https:\/\/wbv-avgm.ch\/fr\/"},{"@type":"ListItem","position":2,"name":"Rando \u00e0 skis en altitude 2024"}]},{"@type":"WebSite","@id":"https:\/\/wbv-avgm.ch\/fr\/#website","url":"https:\/\/wbv-avgm.ch\/fr\/","name":"Walliser Bergf\u00fchrerverband","description":"Bergf\u00fchrer Wallis Schweiz","publisher":{"@id":"https:\/\/wbv-avgm.ch\/fr\/#organization"},"potentialAction":[{"@type":"SearchAction","target":{"@type":"EntryPoint","urlTemplate":"https:\/\/wbv-avgm.ch\/fr\/?s={search_term_string}"},"query-input":{"@type":"PropertyValueSpecification","valueRequired":true,"valueName":"search_term_string"}}],"inLanguage":"fr-FR"},{"@type":"Organization","@id":"https:\/\/wbv-avgm.ch\/fr\/#organization","name":"Walliser Bergf\u00fchrerverband","url":"https:\/\/wbv-avgm.ch\/fr\/","logo":{"@type":"ImageObject","inLanguage":"fr-FR","@id":"https:\/\/wbv-avgm.ch\/fr\/#\/schema\/logo\/image\/","url":"https:\/\/wbv-avgm.ch\/wp-content\/uploads\/logo-wbv-avgm-rot-mit-initialen.svg","contentUrl":"https:\/\/wbv-avgm.ch\/wp-content\/uploads\/logo-wbv-avgm-rot-mit-initialen.svg","width":290,"height":289,"caption":"Walliser Bergf\u00fchrerverband"},"image":{"@id":"https:\/\/wbv-avgm.ch\/fr\/#\/schema\/logo\/image\/"}},{"@type":"Person","@id":"https:\/\/wbv-avgm.ch\/fr\/#\/schema\/person\/fcb5a40d9e792b25a9c042538983ba43","name":"Lionel Corboz"}]}},"_links":{"self":[{"href":"https:\/\/wbv-avgm.ch\/fr\/wp-json\/wp\/v2\/posts\/5572","targetHints":{"allow":["GET"]}}],"collection":[{"href":"https:\/\/wbv-avgm.ch\/fr\/wp-json\/wp\/v2\/posts"}],"about":[{"href":"https:\/\/wbv-avgm.ch\/fr\/wp-json\/wp\/v2\/types\/post"}],"author":[{"embeddable":true,"href":"https:\/\/wbv-avgm.ch\/fr\/wp-json\/wp\/v2\/users\/1771"}],"replies":[{"embeddable":true,"href":"https:\/\/wbv-avgm.ch\/fr\/wp-json\/wp\/v2\/comments?post=5572"}],"version-history":[{"count":6,"href":"https:\/\/wbv-avgm.ch\/fr\/wp-json\/wp\/v2\/posts\/5572\/revisions"}],"predecessor-version":[{"id":5615,"href":"https:\/\/wbv-avgm.ch\/fr\/wp-json\/wp\/v2\/posts\/5572\/revisions\/5615"}],"wp:featuredmedia":[{"embeddable":true,"href":"https:\/\/wbv-avgm.ch\/fr\/wp-json\/wp\/v2\/media\/5551"}],"wp:attachment":[{"href":"https:\/\/wbv-avgm.ch\/fr\/wp-json\/wp\/v2\/media?parent=5572"}],"wp:term":[{"taxonomy":"category","embeddable":true,"href":"https:\/\/wbv-avgm.ch\/fr\/wp-json\/wp\/v2\/categories?post=5572"},{"taxonomy":"post_tag","embeddable":true,"href":"https:\/\/wbv-avgm.ch\/fr\/wp-json\/wp\/v2\/tags?post=5572"}],"curies":[{"name":"wp","href":"https:\/\/api.w.org\/{rel}","templated":true}]}}