{"id":5606,"date":"2024-03-20T10:20:38","date_gmt":"2024-03-20T09:20:38","guid":{"rendered":"https:\/\/wbv-avgm.ch\/?p=5606"},"modified":"2024-04-22T10:51:26","modified_gmt":"2024-04-22T08:51:26","slug":"fete-des-guides-2024","status":"publish","type":"post","link":"https:\/\/wbv-avgm.ch\/fr\/fete-des-guides-2024\/","title":{"rendered":"F\u00eate des guides 2024"},"content":{"rendered":"\n<style type=\"text\/css\" data-created_by=\"avia_inline_auto\" id=\"style-css-av-72axo1-d8c1d64d93490a9e06d19c83328e2ac8\">\n.flex_column.av-72axo1-d8c1d64d93490a9e06d19c83328e2ac8{\nborder-radius:0px 0px 0px 0px;\npadding:0px 0px 0px 0px;\n}\n<\/style>\n<div  class='flex_column av-72axo1-d8c1d64d93490a9e06d19c83328e2ac8 av_two_third  avia-builder-el-0  el_before_av_one_third  avia-builder-el-first  first flex_column_div av-zero-column-padding  '     ><p>\n<style type=\"text\/css\" data-created_by=\"avia_inline_auto\" id=\"style-css-av-a6td3-bee7da9da76bbcfac9972b809d94f533\">\n#top .av-special-heading.av-a6td3-bee7da9da76bbcfac9972b809d94f533{\npadding-bottom:10px;\n}\nbody .av-special-heading.av-a6td3-bee7da9da76bbcfac9972b809d94f533 .av-special-heading-tag .heading-char{\nfont-size:25px;\n}\n.av-special-heading.av-a6td3-bee7da9da76bbcfac9972b809d94f533 .av-subheading{\nfont-size:15px;\n}\n<\/style>\n<div  class='av-special-heading av-a6td3-bee7da9da76bbcfac9972b809d94f533 av-special-heading-h1 blockquote modern-quote  avia-builder-el-1  el_before_av_textblock  avia-builder-el-first '><h1 class='av-special-heading-tag '  itemprop=\"headline\"  >F\u00eate des guides 2024<\/h1><div class=\"special-heading-border\"><div class=\"special-heading-inner-border\"><\/div><\/div><\/div><br \/>\n<section  class='av_textblock_section av-kk5hhqiy-425ccd4da1ec20d7748d5609b4ea249a '   itemscope=\"itemscope\" itemtype=\"https:\/\/schema.org\/BlogPosting\" itemprop=\"blogPost\" ><div class='avia_textblock'  itemprop=\"text\" ><p>La f\u00eate des guides 2024 aura lieu le 15-16 juin \u00e0 Zermatt.<\/p>\n<p><strong>Elle est organis\u00e9e par la section Zermatt<br \/>\n<\/strong><\/p>\n<p>Tous les d\u00e9tails de cette manifestation se trouvent bient\u00f4t sur le site internet : <a href=\"https:\/\/fete-des-guides.ch\">fete-des-guides.ch<\/a><\/p>\n<p>R\u00e9servez d\u00e9j\u00e0 cette date dans votre agenda.<\/p>\n<p><img loading=\"lazy\" decoding=\"async\" class=\"alignnone wp-image-5602 size-medium\" src=\"https:\/\/wbv-avgm.ch\/wp-content\/uploads\/logo-bergfuehrerfest-2024-300x163.png\" alt=\"\" width=\"300\" height=\"163\" srcset=\"https:\/\/wbv-avgm.ch\/wp-content\/uploads\/logo-bergfuehrerfest-2024-300x163.png 300w, https:\/\/wbv-avgm.ch\/wp-content\/uploads\/logo-bergfuehrerfest-2024-1030x558.png 1030w, https:\/\/wbv-avgm.ch\/wp-content\/uploads\/logo-bergfuehrerfest-2024-768x416.png 768w, https:\/\/wbv-avgm.ch\/wp-content\/uploads\/logo-bergfuehrerfest-2024-705x382.png 705w, https:\/\/wbv-avgm.ch\/wp-content\/uploads\/logo-bergfuehrerfest-2024.png 1190w\" sizes=\"auto, (max-width: 300px) 100vw, 300px\" \/><\/p>\n<\/div><\/section><br \/>\n\n<style type=\"text\/css\" data-created_by=\"avia_inline_auto\" id=\"style-css-av-kk5hjk7x-ac513e9fd0e72016c6664ede98fdfc38\">\n#top .hr.hr-invisible.av-kk5hjk7x-ac513e9fd0e72016c6664ede98fdfc38{\nheight:80px;\n}\n<\/style>\n<div  class='hr av-kk5hjk7x-ac513e9fd0e72016c6664ede98fdfc38 hr-invisible  avia-builder-el-3  el_after_av_textblock  el_before_av_social_share '><span class='hr-inner '><span class=\"hr-inner-style\"><\/span><\/span><\/div><br \/>\n<div  class='av-social-sharing-box av-kk5hkbuk-600405c2340f9a89e2da34f9308c08b3 av-social-sharing-box-minimal  avia-builder-el-4  el_after_av_hr  avia-builder-el-last  av-social-sharing-box-fullwidth'><div class=\"av-share-box\"><h5 class='av-share-link-description av-no-toc '>Eintrag teilen<\/h5><ul class=\"av-share-box-list noLightbox\"><li class='av-share-link av-social-link-facebook avia_social_iconfont' ><a target=\"_blank\" aria-label=\"Partager sur Facebook\" href='https:\/\/www.facebook.com\/sharer.php?u=https:\/\/wbv-avgm.ch\/fr\/fete-des-guides-2024\/&#038;t=F%C3%AAte%20des%20guides%202024' data-av_icon='\ue8f3' data-av_iconfont='entypo-fontello'  title='' data-avia-related-tooltip='Partager sur Facebook'><span class='avia_hidden_link_text'>Partager sur Facebook<\/span><\/a><\/li><li class='av-share-link av-social-link-twitter avia_social_iconfont' ><a target=\"_blank\" aria-label=\"Partager sur X\" href='https:\/\/twitter.com\/share?text=F%C3%AAte%20des%20guides%202024&#038;url=https:\/\/wbv-avgm.ch\/fr\/?p=5606' data-av_icon='\ue932' data-av_iconfont='entypo-fontello'  title='' data-avia-related-tooltip='Partager sur X'><span class='avia_hidden_link_text'>Partager sur X<\/span><\/a><\/li><li class='av-share-link av-social-link-whatsapp avia_social_iconfont' ><a target=\"_blank\" aria-label=\"Partager sur WhatsApp\" href='https:\/\/api.whatsapp.com\/send?text=https:\/\/wbv-avgm.ch\/fr\/fete-des-guides-2024\/' data-av_icon='\uf232' data-av_iconfont='entypo-fontello'  title='' data-avia-related-tooltip='Partager sur WhatsApp'><span class='avia_hidden_link_text'>Partager sur WhatsApp<\/span><\/a><\/li><li class='av-share-link av-social-link-mail avia_social_iconfont' ><a  aria-label=\"Partager par Mail\" href='mailto:?subject=F%C3%AAte%20des%20guides%202024&#038;body=https:\/\/wbv-avgm.ch\/fr\/fete-des-guides-2024\/' data-av_icon='\ue805' data-av_iconfont='entypo-fontello'  title='' data-avia-related-tooltip='Partager par Mail'><span class='avia_hidden_link_text'>Partager par Mail<\/span><\/a><\/li><\/ul><\/div><\/div><\/p><\/div>\n<style type=\"text\/css\" data-created_by=\"avia_inline_auto\" id=\"style-css-av-4man0x-4a47dca6ff2dd03284d40d1be6876281\">\n.flex_column.av-4man0x-4a47dca6ff2dd03284d40d1be6876281{\nborder-radius:0px 0px 0px 0px;\npadding:0px 0px 0px 0px;\n}\n<\/style>\n<div  class='flex_column av-4man0x-4a47dca6ff2dd03284d40d1be6876281 av_one_third  avia-builder-el-5  el_after_av_two_third  avia-builder-el-last  flex_column_div av-zero-column-padding  '     ><div  class='avia-builder-widget-area clearfix  avia-builder-el-6  avia-builder-el-no-sibling '><div id=\"newsbox-3\" class=\"widget clearfix avia-widget-container newsbox\"><h3 class=\"widgettitle\">WBV Aktuell<\/h3><ul class=\"news-wrap image_size_widget\"><li class=\"news-content post-format-standard\"><div class=\"news-link\"><a class='news-thumb ' title=\"Lire : Fete des guides 2026\" href=\"https:\/\/wbv-avgm.ch\/fr\/fete-des-guides-2026\/\"><img decoding=\"async\" loading=\"lazy\" width=\"36\" height=\"36\" src=\"https:\/\/wbv-avgm.ch\/wp-content\/uploads\/Unknown-36x36.png\" class=\"wp-image-5910 avia-img-lazy-loading-5910 attachment-widget size-widget wp-post-image\" alt=\"\" srcset=\"https:\/\/wbv-avgm.ch\/wp-content\/uploads\/Unknown-36x36.png 36w, https:\/\/wbv-avgm.ch\/wp-content\/uploads\/Unknown-80x80.png 80w, https:\/\/wbv-avgm.ch\/wp-content\/uploads\/Unknown-180x180.png 180w\" sizes=\"auto, (max-width: 36px) 100vw, 36px\" \/><\/a><div class=\"news-headline\"><a class='news-title' title=\"Lire : Fete des guides 2026\" href=\"https:\/\/wbv-avgm.ch\/fr\/fete-des-guides-2026\/\">Fete des guides 2026<\/a><span class=\"news-time\">24 avril 2026 - 13h08<\/span><\/div><\/div><\/li><li class=\"news-content post-format-standard\"><div class=\"news-link\"><a class='news-thumb ' title=\"Lire : F\u00eate des guides 2025\" href=\"https:\/\/wbv-avgm.ch\/fr\/fete-des-guides-2024-2\/\"><img decoding=\"async\" loading=\"lazy\" width=\"36\" height=\"36\" src=\"https:\/\/wbv-avgm.ch\/wp-content\/uploads\/GUIDES_AFFICHE-36x36.jpg\" class=\"wp-image-5795 avia-img-lazy-loading-5795 attachment-widget size-widget wp-post-image\" alt=\"\" srcset=\"https:\/\/wbv-avgm.ch\/wp-content\/uploads\/GUIDES_AFFICHE-36x36.jpg 36w, https:\/\/wbv-avgm.ch\/wp-content\/uploads\/GUIDES_AFFICHE-80x80.jpg 80w, https:\/\/wbv-avgm.ch\/wp-content\/uploads\/GUIDES_AFFICHE-180x180.jpg 180w\" sizes=\"auto, (max-width: 36px) 100vw, 36px\" \/><\/a><div class=\"news-headline\"><a class='news-title' title=\"Lire : F\u00eate des guides 2025\" href=\"https:\/\/wbv-avgm.ch\/fr\/fete-des-guides-2024-2\/\">F\u00eate des guides 2025<\/a><span class=\"news-time\">25 f\u00e9vrier 2025 - 7h47<\/span><\/div><\/div><\/li><li class=\"news-content post-format-standard\"><div class=\"news-link\"><a class='news-thumb ' title=\"Lire : F\u00eate des guides 2024\" href=\"https:\/\/wbv-avgm.ch\/fr\/fete-des-guides-2024\/\"><img decoding=\"async\" loading=\"lazy\" width=\"36\" height=\"36\" src=\"https:\/\/wbv-avgm.ch\/wp-content\/uploads\/logo-bergfuehrerfest-2024-36x36.png\" class=\"wp-image-5602 avia-img-lazy-loading-5602 attachment-widget size-widget wp-post-image\" alt=\"\" srcset=\"https:\/\/wbv-avgm.ch\/wp-content\/uploads\/logo-bergfuehrerfest-2024-36x36.png 36w, https:\/\/wbv-avgm.ch\/wp-content\/uploads\/logo-bergfuehrerfest-2024-80x80.png 80w, https:\/\/wbv-avgm.ch\/wp-content\/uploads\/logo-bergfuehrerfest-2024-180x180.png 180w\" sizes=\"auto, (max-width: 36px) 100vw, 36px\" \/><\/a><div class=\"news-headline\"><a class='news-title' title=\"Lire : F\u00eate des guides 2024\" href=\"https:\/\/wbv-avgm.ch\/fr\/fete-des-guides-2024\/\">F\u00eate des guides 2024<\/a><span class=\"news-time\">20 mars 2024 - 10h20<\/span><\/div><\/div><\/li><li class=\"news-content post-format-standard\"><div class=\"news-link\"><a class='news-thumb ' title=\"Lire : F\u00eate des guides 2023\" href=\"https:\/\/wbv-avgm.ch\/fr\/fete-des-guides-2023\/\"><img decoding=\"async\" loading=\"lazy\" width=\"36\" height=\"36\" src=\"https:\/\/wbv-avgm.ch\/wp-content\/uploads\/FDG-36x36.jpg\" class=\"wp-image-4827 avia-img-lazy-loading-4827 attachment-widget size-widget wp-post-image\" alt=\"\" srcset=\"https:\/\/wbv-avgm.ch\/wp-content\/uploads\/FDG-36x36.jpg 36w, https:\/\/wbv-avgm.ch\/wp-content\/uploads\/FDG-80x80.jpg 80w, https:\/\/wbv-avgm.ch\/wp-content\/uploads\/FDG-180x180.jpg 180w\" sizes=\"auto, (max-width: 36px) 100vw, 36px\" \/><\/a><div class=\"news-headline\"><a class='news-title' title=\"Lire : F\u00eate des guides 2023\" href=\"https:\/\/wbv-avgm.ch\/fr\/fete-des-guides-2023\/\">F\u00eate des guides 2023<\/a><span class=\"news-time\">4 d\u00e9cembre 2022 - 11h38<\/span><\/div><\/div><\/li><li class=\"news-content post-format-standard\"><div class=\"news-link\"><a class='news-thumb ' title=\"Lire : Nouveau pr\u00e9sident de l&rsquo;AVGM\" href=\"https:\/\/wbv-avgm.ch\/fr\/president_avgm\/\"><img decoding=\"async\" loading=\"lazy\" width=\"36\" height=\"36\" src=\"https:\/\/wbv-avgm.ch\/wp-content\/uploads\/roman_haltinner_vor_matterhorn-36x36.png\" class=\"wp-image-1892 avia-img-lazy-loading-1892 attachment-widget size-widget wp-post-image\" alt=\"Roman Haltinner, Matterhorn\" srcset=\"https:\/\/wbv-avgm.ch\/wp-content\/uploads\/roman_haltinner_vor_matterhorn-36x36.png 36w, https:\/\/wbv-avgm.ch\/wp-content\/uploads\/roman_haltinner_vor_matterhorn-80x80.png 80w, https:\/\/wbv-avgm.ch\/wp-content\/uploads\/roman_haltinner_vor_matterhorn-180x180.png 180w\" sizes=\"auto, (max-width: 36px) 100vw, 36px\" \/><\/a><div class=\"news-headline\"><a class='news-title' title=\"Lire : Nouveau pr\u00e9sident de l&rsquo;AVGM\" href=\"https:\/\/wbv-avgm.ch\/fr\/president_avgm\/\">Nouveau pr\u00e9sident de l&rsquo;AVGM<\/a><span class=\"news-time\">31 janvier 2022 - 9h07<\/span><\/div><\/div><\/li><li class=\"news-content post-format-standard\"><div class=\"news-link\"><a class='news-thumb ' title=\"Lire : Infos Covid 19\" href=\"https:\/\/wbv-avgm.ch\/fr\/covid-19\/\"><img decoding=\"async\" loading=\"lazy\" width=\"36\" height=\"36\" src=\"https:\/\/wbv-avgm.ch\/wp-content\/uploads\/Corona_infos-36x36.jpg\" class=\"wp-image-3164 avia-img-lazy-loading-3164 attachment-widget size-widget wp-post-image\" alt=\"\" srcset=\"https:\/\/wbv-avgm.ch\/wp-content\/uploads\/Corona_infos-36x36.jpg 36w, https:\/\/wbv-avgm.ch\/wp-content\/uploads\/Corona_infos-80x80.jpg 80w, https:\/\/wbv-avgm.ch\/wp-content\/uploads\/Corona_infos-180x180.jpg 180w\" sizes=\"auto, (max-width: 36px) 100vw, 36px\" \/><small class='avia-copyright'>Covid 19 ( google)<\/small><\/a><div class=\"news-headline\"><a class='news-title' title=\"Lire : Infos Covid 19\" href=\"https:\/\/wbv-avgm.ch\/fr\/covid-19\/\">Infos Covid 19<\/a><span class=\"news-time\">27 f\u00e9vrier 2021 - 15h37<\/span><\/div><\/div><\/li><li class=\"news-content post-format-standard\"><div class=\"news-link\"><a class='news-thumb ' title=\"Lire : Willkommen auf der neuen Website des WBV\" href=\"https:\/\/wbv-avgm.ch\/fr\/willkommen-auf-der-neuen-website-des-wbv\/\"><img decoding=\"async\" loading=\"lazy\" width=\"36\" height=\"36\" src=\"https:\/\/wbv-avgm.ch\/wp-content\/uploads\/00-neue-website-online-36x36.jpg\" class=\"wp-image-2085 avia-img-lazy-loading-2085 attachment-widget size-widget wp-post-image\" alt=\"\" srcset=\"https:\/\/wbv-avgm.ch\/wp-content\/uploads\/00-neue-website-online-36x36.jpg 36w, https:\/\/wbv-avgm.ch\/wp-content\/uploads\/00-neue-website-online-80x80.jpg 80w, https:\/\/wbv-avgm.ch\/wp-content\/uploads\/00-neue-website-online-180x180.jpg 180w\" sizes=\"auto, (max-width: 36px) 100vw, 36px\" \/><\/a><div class=\"news-headline\"><a class='news-title' title=\"Lire : Willkommen auf der neuen Website des WBV\" href=\"https:\/\/wbv-avgm.ch\/fr\/willkommen-auf-der-neuen-website-des-wbv\/\">Willkommen auf der neuen Website des WBV<\/a><span class=\"news-time\">25 janvier 2021 - 15h16<\/span><\/div><\/div><\/li><\/ul><\/div><div id=\"newsbox-5\" class=\"widget clearfix avia-widget-container newsbox\"><h3 class=\"widgettitle\">Nachwuchsgruppe<\/h3><ul class=\"news-wrap image_size_widget\"><li class=\"news-content post-format-standard\"><div class=\"news-link\"><a class='news-thumb ' title=\"Lire : Rando \u00e0 skis en altitude 2024\" href=\"https:\/\/wbv-avgm.ch\/fr\/escalade-2023-2-2\/\"><img decoding=\"async\" loading=\"lazy\" width=\"36\" height=\"36\" src=\"https:\/\/wbv-avgm.ch\/wp-content\/uploads\/IMG_3382-1-36x36.jpg\" class=\"wp-image-5551 avia-img-lazy-loading-5551 attachment-widget size-widget wp-post-image\" alt=\"\" srcset=\"https:\/\/wbv-avgm.ch\/wp-content\/uploads\/IMG_3382-1-36x36.jpg 36w, https:\/\/wbv-avgm.ch\/wp-content\/uploads\/IMG_3382-1-80x80.jpg 80w, https:\/\/wbv-avgm.ch\/wp-content\/uploads\/IMG_3382-1-180x180.jpg 180w\" sizes=\"auto, (max-width: 36px) 100vw, 36px\" \/><\/a><div class=\"news-headline\"><a class='news-title' title=\"Lire : Rando \u00e0 skis en altitude 2024\" href=\"https:\/\/wbv-avgm.ch\/fr\/escalade-2023-2-2\/\">Rando \u00e0 skis en altitude 2024<\/a><span class=\"news-time\">20 mars 2024 - 9h57<\/span><\/div><\/div><\/li><li class=\"news-content post-format-standard\"><div class=\"news-link\"><a class='news-thumb ' title=\"Lire : Rando \u00e0 skis 2024\" href=\"https:\/\/wbv-avgm.ch\/fr\/escalade-2023-2\/\"><img decoding=\"async\" loading=\"lazy\" width=\"36\" height=\"36\" src=\"https:\/\/wbv-avgm.ch\/wp-content\/uploads\/IMG_1659-36x36.jpg\" class=\"wp-image-5484 avia-img-lazy-loading-5484 attachment-widget size-widget wp-post-image\" alt=\"\" srcset=\"https:\/\/wbv-avgm.ch\/wp-content\/uploads\/IMG_1659-36x36.jpg 36w, https:\/\/wbv-avgm.ch\/wp-content\/uploads\/IMG_1659-80x80.jpg 80w, https:\/\/wbv-avgm.ch\/wp-content\/uploads\/IMG_1659-180x180.jpg 180w\" sizes=\"auto, (max-width: 36px) 100vw, 36px\" \/><\/a><div class=\"news-headline\"><a class='news-title' title=\"Lire : Rando \u00e0 skis 2024\" href=\"https:\/\/wbv-avgm.ch\/fr\/escalade-2023-2\/\">Rando \u00e0 skis 2024<\/a><span class=\"news-time\">21 f\u00e9vrier 2024 - 10h14<\/span><\/div><\/div><\/li><li class=\"news-content post-format-standard\"><div class=\"news-link\"><a class='news-thumb ' title=\"Lire : escalade 2023\" href=\"https:\/\/wbv-avgm.ch\/fr\/escalade-2023\/\"><img decoding=\"async\" loading=\"lazy\" width=\"36\" height=\"36\" src=\"https:\/\/wbv-avgm.ch\/wp-content\/uploads\/image1-3-36x36.jpeg\" class=\"wp-image-5296 avia-img-lazy-loading-5296 attachment-widget size-widget wp-post-image\" alt=\"\" srcset=\"https:\/\/wbv-avgm.ch\/wp-content\/uploads\/image1-3-36x36.jpeg 36w, https:\/\/wbv-avgm.ch\/wp-content\/uploads\/image1-3-80x80.jpeg 80w, https:\/\/wbv-avgm.ch\/wp-content\/uploads\/image1-3-180x180.jpeg 180w\" sizes=\"auto, (max-width: 36px) 100vw, 36px\" \/><\/a><div class=\"news-headline\"><a class='news-title' title=\"Lire : escalade 2023\" href=\"https:\/\/wbv-avgm.ch\/fr\/escalade-2023\/\">escalade 2023<\/a><span class=\"news-time\">19 septembre 2023 - 14h15<\/span><\/div><\/div><\/li><li class=\"news-content post-format-standard\"><div class=\"news-link\"><a class='news-thumb ' title=\"Lire : weekend ski de rando 2023\" href=\"https:\/\/wbv-avgm.ch\/fr\/weekend-ski-de-rando-2023\/\"><img decoding=\"async\" loading=\"lazy\" width=\"36\" height=\"36\" src=\"https:\/\/wbv-avgm.ch\/wp-content\/uploads\/image0-36x36.jpeg\" class=\"wp-image-4934 avia-img-lazy-loading-4934 attachment-widget size-widget wp-post-image\" alt=\"\" srcset=\"https:\/\/wbv-avgm.ch\/wp-content\/uploads\/image0-36x36.jpeg 36w, https:\/\/wbv-avgm.ch\/wp-content\/uploads\/image0-80x80.jpeg 80w, https:\/\/wbv-avgm.ch\/wp-content\/uploads\/image0-180x180.jpeg 180w\" sizes=\"auto, (max-width: 36px) 100vw, 36px\" \/><\/a><div class=\"news-headline\"><a class='news-title' title=\"Lire : weekend ski de rando 2023\" href=\"https:\/\/wbv-avgm.ch\/fr\/weekend-ski-de-rando-2023\/\">weekend ski de rando 2023<\/a><span class=\"news-time\">24 mars 2023 - 13h11<\/span><\/div><\/div><\/li><li class=\"news-content post-format-standard\"><div class=\"news-link\"><a class='news-thumb ' title=\"Lire : Ecrins 2022\" href=\"https:\/\/wbv-avgm.ch\/fr\/ecrins-2022-2\/\"><img decoding=\"async\" loading=\"lazy\" width=\"36\" height=\"36\" src=\"https:\/\/wbv-avgm.ch\/wp-content\/uploads\/IMG_2584-1-36x36.jpeg\" class=\"wp-image-4400 avia-img-lazy-loading-4400 attachment-widget size-widget wp-post-image\" alt=\"\" srcset=\"https:\/\/wbv-avgm.ch\/wp-content\/uploads\/IMG_2584-1-36x36.jpeg 36w, https:\/\/wbv-avgm.ch\/wp-content\/uploads\/IMG_2584-1-80x80.jpeg 80w, https:\/\/wbv-avgm.ch\/wp-content\/uploads\/IMG_2584-1-180x180.jpeg 180w\" sizes=\"auto, (max-width: 36px) 100vw, 36px\" \/><\/a><div class=\"news-headline\"><a class='news-title' title=\"Lire : Ecrins 2022\" href=\"https:\/\/wbv-avgm.ch\/fr\/ecrins-2022-2\/\">Ecrins 2022<\/a><span class=\"news-time\">26 ao\u00fbt 2022 - 11h12<\/span><\/div><\/div><\/li><li class=\"news-content post-format-standard\"><div class=\"news-link\"><a class='news-thumb ' title=\"Lire : Week-end rando \u00e0 ski 2022\" href=\"https:\/\/wbv-avgm.ch\/fr\/week-end-rando-a-ski-2022\/\"><img decoding=\"async\" loading=\"lazy\" width=\"36\" height=\"36\" src=\"https:\/\/wbv-avgm.ch\/wp-content\/uploads\/IMG_3307-36x36.jpeg\" class=\"wp-image-4302 avia-img-lazy-loading-4302 attachment-widget size-widget wp-post-image\" alt=\"\" srcset=\"https:\/\/wbv-avgm.ch\/wp-content\/uploads\/IMG_3307-36x36.jpeg 36w, https:\/\/wbv-avgm.ch\/wp-content\/uploads\/IMG_3307-80x80.jpeg 80w, https:\/\/wbv-avgm.ch\/wp-content\/uploads\/IMG_3307-180x180.jpeg 180w\" sizes=\"auto, (max-width: 36px) 100vw, 36px\" \/><\/a><div class=\"news-headline\"><a class='news-title' title=\"Lire : Week-end rando \u00e0 ski 2022\" href=\"https:\/\/wbv-avgm.ch\/fr\/week-end-rando-a-ski-2022\/\">Week-end rando \u00e0 ski 2022<\/a><span class=\"news-time\">3 avril 2022 - 22h21<\/span><\/div><\/div><\/li><li class=\"news-content post-format-standard\"><div class=\"news-link\"><a class='news-thumb ' title=\"Lire : Skitouren 2022\" href=\"https:\/\/wbv-avgm.ch\/fr\/skitouren-2022\/\"><img decoding=\"async\" loading=\"lazy\" width=\"36\" height=\"36\" src=\"https:\/\/wbv-avgm.ch\/wp-content\/uploads\/IMG_3307-36x36.jpeg\" class=\"wp-image-4302 avia-img-lazy-loading-4302 attachment-widget size-widget wp-post-image\" alt=\"\" srcset=\"https:\/\/wbv-avgm.ch\/wp-content\/uploads\/IMG_3307-36x36.jpeg 36w, https:\/\/wbv-avgm.ch\/wp-content\/uploads\/IMG_3307-80x80.jpeg 80w, https:\/\/wbv-avgm.ch\/wp-content\/uploads\/IMG_3307-180x180.jpeg 180w\" sizes=\"auto, (max-width: 36px) 100vw, 36px\" \/><\/a><div class=\"news-headline\"><a class='news-title' title=\"Lire : Skitouren 2022\" href=\"https:\/\/wbv-avgm.ch\/fr\/skitouren-2022\/\">Skitouren 2022<\/a><span class=\"news-time\">3 avril 2022 - 22h16<\/span><\/div><\/div><\/li><\/ul><\/div><\/div><\/div><\/p>\n","protected":false},"excerpt":{"rendered":"","protected":false},"author":1771,"featured_media":5602,"comment_status":"closed","ping_status":"closed","sticky":false,"template":"","format":"standard","meta":{"footnotes":"","_links_to":"","_links_to_target":""},"categories":[18],"tags":[],"class_list":["post-5606","post","type-post","status-publish","format-standard","has-post-thumbnail","hentry","category-news-avgm"],"yoast_head":"<!-- This site is optimized with the Yoast SEO plugin v27.5 - https:\/\/yoast.com\/product\/yoast-seo-wordpress\/ -->\n<title>F\u00eate des guides 2024 - Walliser Bergf\u00fchrerverband<\/title>\n<meta name=\"robots\" content=\"index, follow, max-snippet:-1, max-image-preview:large, max-video-preview:-1\" \/>\n<link rel=\"canonical\" href=\"https:\/\/wbv-avgm.ch\/fr\/fete-des-guides-2024\/\" \/>\n<meta property=\"og:locale\" content=\"fr_FR\" \/>\n<meta property=\"og:type\" content=\"article\" \/>\n<meta property=\"og:title\" content=\"F\u00eate des guides 2024 - Walliser Bergf\u00fchrerverband\" \/>\n<meta property=\"og:url\" content=\"https:\/\/wbv-avgm.ch\/fr\/fete-des-guides-2024\/\" \/>\n<meta property=\"og:site_name\" content=\"Walliser Bergf\u00fchrerverband\" \/>\n<meta property=\"article:published_time\" content=\"2024-03-20T09:20:38+00:00\" \/>\n<meta property=\"article:modified_time\" content=\"2024-04-22T08:51:26+00:00\" \/>\n<meta property=\"og:image\" content=\"https:\/\/wbv-avgm.ch\/wp-content\/uploads\/logo-bergfuehrerfest-2024.png\" \/>\n\t<meta property=\"og:image:width\" content=\"1190\" \/>\n\t<meta property=\"og:image:height\" content=\"645\" \/>\n\t<meta property=\"og:image:type\" content=\"image\/png\" \/>\n<meta name=\"author\" content=\"Lionel Corboz\" \/>\n<meta name=\"twitter:card\" content=\"summary_large_image\" \/>\n<meta name=\"twitter:label1\" content=\"\u00c9crit par\" \/>\n\t<meta name=\"twitter:data1\" content=\"Lionel Corboz\" \/>\n\t<meta name=\"twitter:label2\" content=\"Dur\u00e9e de lecture estim\u00e9e\" \/>\n\t<meta name=\"twitter:data2\" content=\"4 minutes\" \/>\n<script type=\"application\/ld+json\" class=\"yoast-schema-graph\">{\"@context\":\"https:\\\/\\\/schema.org\",\"@graph\":[{\"@type\":\"Article\",\"@id\":\"https:\\\/\\\/wbv-avgm.ch\\\/fr\\\/fete-des-guides-2024\\\/#article\",\"isPartOf\":{\"@id\":\"https:\\\/\\\/wbv-avgm.ch\\\/fr\\\/fete-des-guides-2024\\\/\"},\"author\":{\"name\":\"Lionel Corboz\",\"@id\":\"https:\\\/\\\/wbv-avgm.ch\\\/fr\\\/#\\\/schema\\\/person\\\/fcb5a40d9e792b25a9c042538983ba43\"},\"headline\":\"F\u00eate des guides 2024\",\"datePublished\":\"2024-03-20T09:20:38+00:00\",\"dateModified\":\"2024-04-22T08:51:26+00:00\",\"mainEntityOfPage\":{\"@id\":\"https:\\\/\\\/wbv-avgm.ch\\\/fr\\\/fete-des-guides-2024\\\/\"},\"wordCount\":539,\"publisher\":{\"@id\":\"https:\\\/\\\/wbv-avgm.ch\\\/fr\\\/#organization\"},\"image\":{\"@id\":\"https:\\\/\\\/wbv-avgm.ch\\\/fr\\\/fete-des-guides-2024\\\/#primaryimage\"},\"thumbnailUrl\":\"https:\\\/\\\/wbv-avgm.ch\\\/wp-content\\\/uploads\\\/logo-bergfuehrerfest-2024.png\",\"articleSection\":[\"News AVGM\"],\"inLanguage\":\"fr-FR\"},{\"@type\":\"WebPage\",\"@id\":\"https:\\\/\\\/wbv-avgm.ch\\\/fr\\\/fete-des-guides-2024\\\/\",\"url\":\"https:\\\/\\\/wbv-avgm.ch\\\/fr\\\/fete-des-guides-2024\\\/\",\"name\":\"F\u00eate des guides 2024 - Walliser Bergf\u00fchrerverband\",\"isPartOf\":{\"@id\":\"https:\\\/\\\/wbv-avgm.ch\\\/fr\\\/#website\"},\"primaryImageOfPage\":{\"@id\":\"https:\\\/\\\/wbv-avgm.ch\\\/fr\\\/fete-des-guides-2024\\\/#primaryimage\"},\"image\":{\"@id\":\"https:\\\/\\\/wbv-avgm.ch\\\/fr\\\/fete-des-guides-2024\\\/#primaryimage\"},\"thumbnailUrl\":\"https:\\\/\\\/wbv-avgm.ch\\\/wp-content\\\/uploads\\\/logo-bergfuehrerfest-2024.png\",\"datePublished\":\"2024-03-20T09:20:38+00:00\",\"dateModified\":\"2024-04-22T08:51:26+00:00\",\"breadcrumb\":{\"@id\":\"https:\\\/\\\/wbv-avgm.ch\\\/fr\\\/fete-des-guides-2024\\\/#breadcrumb\"},\"inLanguage\":\"fr-FR\",\"potentialAction\":[{\"@type\":\"ReadAction\",\"target\":[\"https:\\\/\\\/wbv-avgm.ch\\\/fr\\\/fete-des-guides-2024\\\/\"]}]},{\"@type\":\"ImageObject\",\"inLanguage\":\"fr-FR\",\"@id\":\"https:\\\/\\\/wbv-avgm.ch\\\/fr\\\/fete-des-guides-2024\\\/#primaryimage\",\"url\":\"https:\\\/\\\/wbv-avgm.ch\\\/wp-content\\\/uploads\\\/logo-bergfuehrerfest-2024.png\",\"contentUrl\":\"https:\\\/\\\/wbv-avgm.ch\\\/wp-content\\\/uploads\\\/logo-bergfuehrerfest-2024.png\",\"width\":1190,\"height\":645},{\"@type\":\"BreadcrumbList\",\"@id\":\"https:\\\/\\\/wbv-avgm.ch\\\/fr\\\/fete-des-guides-2024\\\/#breadcrumb\",\"itemListElement\":[{\"@type\":\"ListItem\",\"position\":1,\"name\":\"Startseite\",\"item\":\"https:\\\/\\\/wbv-avgm.ch\\\/fr\\\/\"},{\"@type\":\"ListItem\",\"position\":2,\"name\":\"F\u00eate des guides 2024\"}]},{\"@type\":\"WebSite\",\"@id\":\"https:\\\/\\\/wbv-avgm.ch\\\/fr\\\/#website\",\"url\":\"https:\\\/\\\/wbv-avgm.ch\\\/fr\\\/\",\"name\":\"Walliser Bergf\u00fchrerverband\",\"description\":\"Bergf\u00fchrer Wallis Schweiz\",\"publisher\":{\"@id\":\"https:\\\/\\\/wbv-avgm.ch\\\/fr\\\/#organization\"},\"potentialAction\":[{\"@type\":\"SearchAction\",\"target\":{\"@type\":\"EntryPoint\",\"urlTemplate\":\"https:\\\/\\\/wbv-avgm.ch\\\/fr\\\/?s={search_term_string}\"},\"query-input\":{\"@type\":\"PropertyValueSpecification\",\"valueRequired\":true,\"valueName\":\"search_term_string\"}}],\"inLanguage\":\"fr-FR\"},{\"@type\":\"Organization\",\"@id\":\"https:\\\/\\\/wbv-avgm.ch\\\/fr\\\/#organization\",\"name\":\"Walliser Bergf\u00fchrerverband\",\"url\":\"https:\\\/\\\/wbv-avgm.ch\\\/fr\\\/\",\"logo\":{\"@type\":\"ImageObject\",\"inLanguage\":\"fr-FR\",\"@id\":\"https:\\\/\\\/wbv-avgm.ch\\\/fr\\\/#\\\/schema\\\/logo\\\/image\\\/\",\"url\":\"https:\\\/\\\/wbv-avgm.ch\\\/wp-content\\\/uploads\\\/logo-wbv-avgm-rot-mit-initialen.svg\",\"contentUrl\":\"https:\\\/\\\/wbv-avgm.ch\\\/wp-content\\\/uploads\\\/logo-wbv-avgm-rot-mit-initialen.svg\",\"width\":290,\"height\":289,\"caption\":\"Walliser Bergf\u00fchrerverband\"},\"image\":{\"@id\":\"https:\\\/\\\/wbv-avgm.ch\\\/fr\\\/#\\\/schema\\\/logo\\\/image\\\/\"}},{\"@type\":\"Person\",\"@id\":\"https:\\\/\\\/wbv-avgm.ch\\\/fr\\\/#\\\/schema\\\/person\\\/fcb5a40d9e792b25a9c042538983ba43\",\"name\":\"Lionel Corboz\"}]}<\/script>\n<!-- \/ Yoast SEO plugin. -->","yoast_head_json":{"title":"F\u00eate des guides 2024 - Walliser Bergf\u00fchrerverband","robots":{"index":"index","follow":"follow","max-snippet":"max-snippet:-1","max-image-preview":"max-image-preview:large","max-video-preview":"max-video-preview:-1"},"canonical":"https:\/\/wbv-avgm.ch\/fr\/fete-des-guides-2024\/","og_locale":"fr_FR","og_type":"article","og_title":"F\u00eate des guides 2024 - Walliser Bergf\u00fchrerverband","og_url":"https:\/\/wbv-avgm.ch\/fr\/fete-des-guides-2024\/","og_site_name":"Walliser Bergf\u00fchrerverband","article_published_time":"2024-03-20T09:20:38+00:00","article_modified_time":"2024-04-22T08:51:26+00:00","og_image":[{"width":1190,"height":645,"url":"https:\/\/wbv-avgm.ch\/wp-content\/uploads\/logo-bergfuehrerfest-2024.png","type":"image\/png"}],"author":"Lionel Corboz","twitter_card":"summary_large_image","twitter_misc":{"\u00c9crit par":"Lionel Corboz","Dur\u00e9e de lecture estim\u00e9e":"4 minutes"},"schema":{"@context":"https:\/\/schema.org","@graph":[{"@type":"Article","@id":"https:\/\/wbv-avgm.ch\/fr\/fete-des-guides-2024\/#article","isPartOf":{"@id":"https:\/\/wbv-avgm.ch\/fr\/fete-des-guides-2024\/"},"author":{"name":"Lionel Corboz","@id":"https:\/\/wbv-avgm.ch\/fr\/#\/schema\/person\/fcb5a40d9e792b25a9c042538983ba43"},"headline":"F\u00eate des guides 2024","datePublished":"2024-03-20T09:20:38+00:00","dateModified":"2024-04-22T08:51:26+00:00","mainEntityOfPage":{"@id":"https:\/\/wbv-avgm.ch\/fr\/fete-des-guides-2024\/"},"wordCount":539,"publisher":{"@id":"https:\/\/wbv-avgm.ch\/fr\/#organization"},"image":{"@id":"https:\/\/wbv-avgm.ch\/fr\/fete-des-guides-2024\/#primaryimage"},"thumbnailUrl":"https:\/\/wbv-avgm.ch\/wp-content\/uploads\/logo-bergfuehrerfest-2024.png","articleSection":["News AVGM"],"inLanguage":"fr-FR"},{"@type":"WebPage","@id":"https:\/\/wbv-avgm.ch\/fr\/fete-des-guides-2024\/","url":"https:\/\/wbv-avgm.ch\/fr\/fete-des-guides-2024\/","name":"F\u00eate des guides 2024 - Walliser Bergf\u00fchrerverband","isPartOf":{"@id":"https:\/\/wbv-avgm.ch\/fr\/#website"},"primaryImageOfPage":{"@id":"https:\/\/wbv-avgm.ch\/fr\/fete-des-guides-2024\/#primaryimage"},"image":{"@id":"https:\/\/wbv-avgm.ch\/fr\/fete-des-guides-2024\/#primaryimage"},"thumbnailUrl":"https:\/\/wbv-avgm.ch\/wp-content\/uploads\/logo-bergfuehrerfest-2024.png","datePublished":"2024-03-20T09:20:38+00:00","dateModified":"2024-04-22T08:51:26+00:00","breadcrumb":{"@id":"https:\/\/wbv-avgm.ch\/fr\/fete-des-guides-2024\/#breadcrumb"},"inLanguage":"fr-FR","potentialAction":[{"@type":"ReadAction","target":["https:\/\/wbv-avgm.ch\/fr\/fete-des-guides-2024\/"]}]},{"@type":"ImageObject","inLanguage":"fr-FR","@id":"https:\/\/wbv-avgm.ch\/fr\/fete-des-guides-2024\/#primaryimage","url":"https:\/\/wbv-avgm.ch\/wp-content\/uploads\/logo-bergfuehrerfest-2024.png","contentUrl":"https:\/\/wbv-avgm.ch\/wp-content\/uploads\/logo-bergfuehrerfest-2024.png","width":1190,"height":645},{"@type":"BreadcrumbList","@id":"https:\/\/wbv-avgm.ch\/fr\/fete-des-guides-2024\/#breadcrumb","itemListElement":[{"@type":"ListItem","position":1,"name":"Startseite","item":"https:\/\/wbv-avgm.ch\/fr\/"},{"@type":"ListItem","position":2,"name":"F\u00eate des guides 2024"}]},{"@type":"WebSite","@id":"https:\/\/wbv-avgm.ch\/fr\/#website","url":"https:\/\/wbv-avgm.ch\/fr\/","name":"Walliser Bergf\u00fchrerverband","description":"Bergf\u00fchrer Wallis Schweiz","publisher":{"@id":"https:\/\/wbv-avgm.ch\/fr\/#organization"},"potentialAction":[{"@type":"SearchAction","target":{"@type":"EntryPoint","urlTemplate":"https:\/\/wbv-avgm.ch\/fr\/?s={search_term_string}"},"query-input":{"@type":"PropertyValueSpecification","valueRequired":true,"valueName":"search_term_string"}}],"inLanguage":"fr-FR"},{"@type":"Organization","@id":"https:\/\/wbv-avgm.ch\/fr\/#organization","name":"Walliser Bergf\u00fchrerverband","url":"https:\/\/wbv-avgm.ch\/fr\/","logo":{"@type":"ImageObject","inLanguage":"fr-FR","@id":"https:\/\/wbv-avgm.ch\/fr\/#\/schema\/logo\/image\/","url":"https:\/\/wbv-avgm.ch\/wp-content\/uploads\/logo-wbv-avgm-rot-mit-initialen.svg","contentUrl":"https:\/\/wbv-avgm.ch\/wp-content\/uploads\/logo-wbv-avgm-rot-mit-initialen.svg","width":290,"height":289,"caption":"Walliser Bergf\u00fchrerverband"},"image":{"@id":"https:\/\/wbv-avgm.ch\/fr\/#\/schema\/logo\/image\/"}},{"@type":"Person","@id":"https:\/\/wbv-avgm.ch\/fr\/#\/schema\/person\/fcb5a40d9e792b25a9c042538983ba43","name":"Lionel Corboz"}]}},"_links":{"self":[{"href":"https:\/\/wbv-avgm.ch\/fr\/wp-json\/wp\/v2\/posts\/5606","targetHints":{"allow":["GET"]}}],"collection":[{"href":"https:\/\/wbv-avgm.ch\/fr\/wp-json\/wp\/v2\/posts"}],"about":[{"href":"https:\/\/wbv-avgm.ch\/fr\/wp-json\/wp\/v2\/types\/post"}],"author":[{"embeddable":true,"href":"https:\/\/wbv-avgm.ch\/fr\/wp-json\/wp\/v2\/users\/1771"}],"replies":[{"embeddable":true,"href":"https:\/\/wbv-avgm.ch\/fr\/wp-json\/wp\/v2\/comments?post=5606"}],"version-history":[{"count":2,"href":"https:\/\/wbv-avgm.ch\/fr\/wp-json\/wp\/v2\/posts\/5606\/revisions"}],"predecessor-version":[{"id":5624,"href":"https:\/\/wbv-avgm.ch\/fr\/wp-json\/wp\/v2\/posts\/5606\/revisions\/5624"}],"wp:featuredmedia":[{"embeddable":true,"href":"https:\/\/wbv-avgm.ch\/fr\/wp-json\/wp\/v2\/media\/5602"}],"wp:attachment":[{"href":"https:\/\/wbv-avgm.ch\/fr\/wp-json\/wp\/v2\/media?parent=5606"}],"wp:term":[{"taxonomy":"category","embeddable":true,"href":"https:\/\/wbv-avgm.ch\/fr\/wp-json\/wp\/v2\/categories?post=5606"},{"taxonomy":"post_tag","embeddable":true,"href":"https:\/\/wbv-avgm.ch\/fr\/wp-json\/wp\/v2\/tags?post=5606"}],"curies":[{"name":"wp","href":"https:\/\/api.w.org\/{rel}","templated":true}]}}